{"id":5512,"date":"2024-07-26T06:46:24","date_gmt":"2024-07-26T04:46:24","guid":{"rendered":"https:\/\/blogs.deusto.es\/magis\/?p=5512"},"modified":"2024-07-26T06:46:24","modified_gmt":"2024-07-26T04:46:24","slug":"ese-da-fruto","status":"publish","type":"post","link":"https:\/\/blogs.deusto.es\/magis\/ese-da-fruto\/","title":{"rendered":"\u00a0Ese da fruto"},"content":{"rendered":"\n<p><a href=\"https:\/\/www.misadecadadia.es\/read.html\">26 de julio. Viernes de la XVI semana del tiempo ordinario<\/a>.Santos Joaqu\u00edn y Ana, padres de la bienaventurada Virgen Mar\u00eda<\/p>\n\n\n\n<p>Muchs veces nos encotnramos con la expresi\u00f3n de que la realidad supera la ficci\u00f3n. La vida hace lo mismo con nosotros, donde m\u00e1s de una vez la vida supera nuestras expectativas de manera sorpresiva.<\/p>\n\n\n\n<p>El par\u00e1bola nos abre la alegr\u00eda y la esperanza, debido a que la Palabra de Dios est\u00e1 ah\u00ed, en medio de nuestro mundo, plantada en cualquier rinc\u00f3n de la historia; debido a la promesa del treinta, sesenta, ciento por uno; debido a que el Reino es una realidad que supera siempre nuestras expectativas.<\/p>\n\n\n\n<p>Nuestras vidas producen frutos que hacen bien a los dem\u00e1s. Hoy se podr\u00eda de far gracias por comaprtir tantos frutos buenos que nos hacen a todos mejores sabiendo que va m\u00e1s all\u00e1 de lo esperado. Feliz viernes y felcidades a los abuelos y a las abuelas. <\/p>\n\n\n\n<p>Nota. Ayer no hubo comentario porque el servidor daba problemas.<\/p>\n\n\n\n<figure class=\"wp-block-image size-full\"><a href=\"https:\/\/blogs.deusto.es\/wp-content\/uploads\/sites\/26\/2024\/07\/image-22.png\"><img fetchpriority=\"high\" decoding=\"async\" width=\"462\" height=\"688\" src=\"https:\/\/blogs.deusto.es\/wp-content\/uploads\/sites\/26\/2024\/07\/image-22.png\" alt=\"\" class=\"wp-image-5513\" srcset=\"https:\/\/blogs.deusto.es\/wp-content\/uploads\/sites\/26\/2024\/07\/image-22.png 462w, https:\/\/blogs.deusto.es\/wp-content\/uploads\/sites\/26\/2024\/07\/image-22-201x300.png 201w\" sizes=\"(max-width: 462px) 100vw, 462px\" \/><\/a><\/figure>\n","protected":false},"excerpt":{"rendered":"<p>26 de julio. Viernes de la XVI semana del tiempo ordinario.Santos Joaqu\u00edn y Ana, padres de la bienaventurada Virgen Mar\u00eda Muchs veces nos encotnramos con la expresi\u00f3n de que la realidad supera la ficci\u00f3n. La vida hace lo mismo con &hellip; <a href=\"https:\/\/blogs.deusto.es\/magis\/ese-da-fruto\/\">Sigue leyendo <span class=\"meta-nav\">&rarr;<\/span><\/a><\/p>\n","protected":false},"author":386,"featured_media":0,"comment_status":"open","ping_status":"open","sticky":false,"template":"","format":"standard","meta":{"footnotes":""},"categories":[1],"tags":[],"class_list":["post-5512","post","type-post","status-publish","format-standard","hentry","category-publicaciones-blog"],"_links":{"self":[{"href":"https:\/\/blogs.deusto.es\/magis\/wp-json\/wp\/v2\/posts\/5512","targetHints":{"allow":["GET"]}}],"collection":[{"href":"https:\/\/blogs.deusto.es\/magis\/wp-json\/wp\/v2\/posts"}],"about":[{"href":"https:\/\/blogs.deusto.es\/magis\/wp-json\/wp\/v2\/types\/post"}],"author":[{"embeddable":true,"href":"https:\/\/blogs.deusto.es\/magis\/wp-json\/wp\/v2\/users\/386"}],"replies":[{"embeddable":true,"href":"https:\/\/blogs.deusto.es\/magis\/wp-json\/wp\/v2\/comments?post=5512"}],"version-history":[{"count":1,"href":"https:\/\/blogs.deusto.es\/magis\/wp-json\/wp\/v2\/posts\/5512\/revisions"}],"predecessor-version":[{"id":5514,"href":"https:\/\/blogs.deusto.es\/magis\/wp-json\/wp\/v2\/posts\/5512\/revisions\/5514"}],"wp:attachment":[{"href":"https:\/\/blogs.deusto.es\/magis\/wp-json\/wp\/v2\/media?parent=5512"}],"wp:term":[{"taxonomy":"category","embeddable":true,"href":"https:\/\/blogs.deusto.es\/magis\/wp-json\/wp\/v2\/categories?post=5512"},{"taxonomy":"post_tag","embeddable":true,"href":"https:\/\/blogs.deusto.es\/magis\/wp-json\/wp\/v2\/tags?post=5512"}],"curies":[{"name":"wp","href":"https:\/\/api.w.org\/{rel}","templated":true}]}}