{"id":5745,"date":"2024-10-10T08:14:57","date_gmt":"2024-10-10T06:14:57","guid":{"rendered":"https:\/\/blogs.deusto.es\/magis\/?p=5745"},"modified":"2024-10-10T08:14:57","modified_gmt":"2024-10-10T06:14:57","slug":"eso-de-pedir","status":"publish","type":"post","link":"https:\/\/blogs.deusto.es\/magis\/eso-de-pedir\/","title":{"rendered":"Eso de pedir"},"content":{"rendered":"\n<p><a href=\"https:\/\/www.misadecadadia.es\/read.html\">10 de octubre. Jueves  de la XXVII semana del tiempo ordinario<\/a>.<\/p>\n\n\n\n<p>Nuestor modo de vida nos lleva a la falsa apariencia de sentirnos autosuficientes y por ello sin necesidad de Dios. El asunto es que no somos tan autosuficientes porque toda nuestra vida depende de otros de una manera que no contrlamos.<\/p>\n\n\n\n<p>Jes\u00fas nos invita a insistir en la petici\u00f3n. Es un modo de recordar c\u00f3mo nuestra vida est\u00e1 intimamente relacionada con Dios. Como el amigo que entra en mi cotidianidad Dios se hace presente en todos los rincones de mi vida.<\/p>\n\n\n\n<p>Hoy podr\u00edamos reconocer nuestros \u00e1mbitos m\u00e1s necesitados d ela vida. En vez de ocultarlos y creernos  suficientemente fuertes, se trata de pedir ayuda para esas partes de la vida. Para ello tenemos que agradecer a toda la gente que tenemos alrededor dispuesta a ayudarnos. Feliz jueves.<\/p>\n\n\n\n<figure class=\"wp-block-image size-full\"><a href=\"https:\/\/blogs.deusto.es\/wp-content\/uploads\/sites\/26\/2024\/10\/image-8.png\"><img fetchpriority=\"high\" decoding=\"async\" width=\"804\" height=\"800\" src=\"https:\/\/blogs.deusto.es\/wp-content\/uploads\/sites\/26\/2024\/10\/image-8.png\" alt=\"\" class=\"wp-image-5746\" srcset=\"https:\/\/blogs.deusto.es\/wp-content\/uploads\/sites\/26\/2024\/10\/image-8.png 804w, https:\/\/blogs.deusto.es\/wp-content\/uploads\/sites\/26\/2024\/10\/image-8-300x300.png 300w, https:\/\/blogs.deusto.es\/wp-content\/uploads\/sites\/26\/2024\/10\/image-8-150x150.png 150w, https:\/\/blogs.deusto.es\/wp-content\/uploads\/sites\/26\/2024\/10\/image-8-768x764.png 768w\" sizes=\"(max-width: 804px) 100vw, 804px\" \/><\/a><\/figure>\n","protected":false},"excerpt":{"rendered":"<p>10 de octubre. Jueves de la XXVII semana del tiempo ordinario. Nuestor modo de vida nos lleva a la falsa apariencia de sentirnos autosuficientes y por ello sin necesidad de Dios. El asunto es que no somos tan autosuficientes porque &hellip; <a href=\"https:\/\/blogs.deusto.es\/magis\/eso-de-pedir\/\">Sigue leyendo <span class=\"meta-nav\">&rarr;<\/span><\/a><\/p>\n","protected":false},"author":386,"featured_media":0,"comment_status":"open","ping_status":"open","sticky":false,"template":"","format":"standard","meta":{"footnotes":""},"categories":[1],"tags":[],"class_list":["post-5745","post","type-post","status-publish","format-standard","hentry","category-publicaciones-blog"],"_links":{"self":[{"href":"https:\/\/blogs.deusto.es\/magis\/wp-json\/wp\/v2\/posts\/5745","targetHints":{"allow":["GET"]}}],"collection":[{"href":"https:\/\/blogs.deusto.es\/magis\/wp-json\/wp\/v2\/posts"}],"about":[{"href":"https:\/\/blogs.deusto.es\/magis\/wp-json\/wp\/v2\/types\/post"}],"author":[{"embeddable":true,"href":"https:\/\/blogs.deusto.es\/magis\/wp-json\/wp\/v2\/users\/386"}],"replies":[{"embeddable":true,"href":"https:\/\/blogs.deusto.es\/magis\/wp-json\/wp\/v2\/comments?post=5745"}],"version-history":[{"count":1,"href":"https:\/\/blogs.deusto.es\/magis\/wp-json\/wp\/v2\/posts\/5745\/revisions"}],"predecessor-version":[{"id":5747,"href":"https:\/\/blogs.deusto.es\/magis\/wp-json\/wp\/v2\/posts\/5745\/revisions\/5747"}],"wp:attachment":[{"href":"https:\/\/blogs.deusto.es\/magis\/wp-json\/wp\/v2\/media?parent=5745"}],"wp:term":[{"taxonomy":"category","embeddable":true,"href":"https:\/\/blogs.deusto.es\/magis\/wp-json\/wp\/v2\/categories?post=5745"},{"taxonomy":"post_tag","embeddable":true,"href":"https:\/\/blogs.deusto.es\/magis\/wp-json\/wp\/v2\/tags?post=5745"}],"curies":[{"name":"wp","href":"https:\/\/api.w.org\/{rel}","templated":true}]}}