{"id":5748,"date":"2024-10-11T07:15:00","date_gmt":"2024-10-11T05:15:00","guid":{"rendered":"https:\/\/blogs.deusto.es\/magis\/?p=5748"},"modified":"2024-10-11T07:15:00","modified_gmt":"2024-10-11T05:15:00","slug":"el-reino-de-dios-ha-llegado-a-vosotros","status":"publish","type":"post","link":"https:\/\/blogs.deusto.es\/magis\/el-reino-de-dios-ha-llegado-a-vosotros\/","title":{"rendered":"EL Reino de Dios ha llegado a vosotros"},"content":{"rendered":"\n<p><a href=\"https:\/\/www.misadecadadia.es\/read.html\">11 de octubre. Viernes  de la XXVII semana del tiempo ordinario<\/a>. Virgen de Bego\u00f1a<\/p>\n\n\n\n<p>En medio de tanta ambig\u00fcedad e incertidumbre nos cuesta reconover lo bueno, lo bello, lo integrado. Necesitamos que neustras vidas hablen de algo m\u00e1s que lo que hacemos, sino que apunten a algo m\u00e1s.<\/p>\n\n\n\n<p>Cuando Jes\u00fas dice que el Reino de Dios est\u00e1 cerca, no solo anuncia la presencia inmediata del reino divino, sino que tambi\u00e9n implica una transformaci\u00f3n radical en la forma en que entendemos nuestra relaci\u00f3n con Dios. Ya no se trata de un reino distante o futuro, sino de una realidad presente.<\/p>\n\n\n\n<p>Nos toca reconocer el foco desde donde nos vivimos. Se trata de encontrar ese punto de vista, esa orientaci\u00f3n que nos ayuda a vivir en las incertidumbres que se nos presentan. Se trata de no tener miedo y sentirnos acompa\u00f1ados en este camino hacia adelante. Feliz viernes.<\/p>\n\n\n\n<figure class=\"wp-block-image size-full\"><a href=\"https:\/\/blogs.deusto.es\/wp-content\/uploads\/sites\/26\/2024\/10\/image-9.png\"><img fetchpriority=\"high\" decoding=\"async\" width=\"804\" height=\"803\" src=\"https:\/\/blogs.deusto.es\/wp-content\/uploads\/sites\/26\/2024\/10\/image-9.png\" alt=\"\" class=\"wp-image-5749\" srcset=\"https:\/\/blogs.deusto.es\/wp-content\/uploads\/sites\/26\/2024\/10\/image-9.png 804w, https:\/\/blogs.deusto.es\/wp-content\/uploads\/sites\/26\/2024\/10\/image-9-300x300.png 300w, https:\/\/blogs.deusto.es\/wp-content\/uploads\/sites\/26\/2024\/10\/image-9-150x150.png 150w, https:\/\/blogs.deusto.es\/wp-content\/uploads\/sites\/26\/2024\/10\/image-9-768x767.png 768w\" sizes=\"(max-width: 804px) 100vw, 804px\" \/><\/a><\/figure>\n\n\n\n<p><\/p>\n","protected":false},"excerpt":{"rendered":"<p>11 de octubre. Viernes de la XXVII semana del tiempo ordinario. Virgen de Bego\u00f1a En medio de tanta ambig\u00fcedad e incertidumbre nos cuesta reconover lo bueno, lo bello, lo integrado. Necesitamos que neustras vidas hablen de algo m\u00e1s que lo &hellip; <a href=\"https:\/\/blogs.deusto.es\/magis\/el-reino-de-dios-ha-llegado-a-vosotros\/\">Sigue leyendo <span class=\"meta-nav\">&rarr;<\/span><\/a><\/p>\n","protected":false},"author":386,"featured_media":0,"comment_status":"open","ping_status":"open","sticky":false,"template":"","format":"standard","meta":{"footnotes":""},"categories":[1],"tags":[],"class_list":["post-5748","post","type-post","status-publish","format-standard","hentry","category-publicaciones-blog"],"_links":{"self":[{"href":"https:\/\/blogs.deusto.es\/magis\/wp-json\/wp\/v2\/posts\/5748","targetHints":{"allow":["GET"]}}],"collection":[{"href":"https:\/\/blogs.deusto.es\/magis\/wp-json\/wp\/v2\/posts"}],"about":[{"href":"https:\/\/blogs.deusto.es\/magis\/wp-json\/wp\/v2\/types\/post"}],"author":[{"embeddable":true,"href":"https:\/\/blogs.deusto.es\/magis\/wp-json\/wp\/v2\/users\/386"}],"replies":[{"embeddable":true,"href":"https:\/\/blogs.deusto.es\/magis\/wp-json\/wp\/v2\/comments?post=5748"}],"version-history":[{"count":1,"href":"https:\/\/blogs.deusto.es\/magis\/wp-json\/wp\/v2\/posts\/5748\/revisions"}],"predecessor-version":[{"id":5750,"href":"https:\/\/blogs.deusto.es\/magis\/wp-json\/wp\/v2\/posts\/5748\/revisions\/5750"}],"wp:attachment":[{"href":"https:\/\/blogs.deusto.es\/magis\/wp-json\/wp\/v2\/media?parent=5748"}],"wp:term":[{"taxonomy":"category","embeddable":true,"href":"https:\/\/blogs.deusto.es\/magis\/wp-json\/wp\/v2\/categories?post=5748"},{"taxonomy":"post_tag","embeddable":true,"href":"https:\/\/blogs.deusto.es\/magis\/wp-json\/wp\/v2\/tags?post=5748"}],"curies":[{"name":"wp","href":"https:\/\/api.w.org\/{rel}","templated":true}]}}