{"id":5751,"date":"2024-10-12T09:28:09","date_gmt":"2024-10-12T07:28:09","guid":{"rendered":"https:\/\/blogs.deusto.es\/magis\/?p=5751"},"modified":"2024-10-12T09:28:09","modified_gmt":"2024-10-12T07:28:09","slug":"viva-la-madre-que-te-pario","status":"publish","type":"post","link":"https:\/\/blogs.deusto.es\/magis\/viva-la-madre-que-te-pario\/","title":{"rendered":"\u00a1Viva la madre que te pari\u00f3!"},"content":{"rendered":"\n<p><a href=\"https:\/\/www.misadecadadia.es\/read.html\">12 de octubre. S\u00e1bado de la XXVII semana del tiempo ordinario<\/a>. Virgen del Pilar<\/p>\n\n\n\n<p>Cada uno somos hijos e hijas de neustra madre. Es desde ellas como comienzan las historias de cada uno y es con ellas como crecemos para afrontar la vida. En nuestra sociedad hay palabras uqe homenajean a las madres, pero tal vez necesitemos dar una vuelta a c\u00f3mo cuidamos a las madres.<\/p>\n\n\n\n<p>La exclamaci\u00f3n de la mujer tambi\u00e9n nos recuerda la especial devoci\u00f3n que los cristianos hemos tenido y tenemos por Mar\u00eda, la madre de Dios. En ella, vemos el modelo de responder a la invitaci\u00f3n de Dios a la vida. Su \u00abs\u00ed\u00bb a Dios cambi\u00f3 el curso de la historia y nos habla de su confianza en la palabra de Dios.<\/p>\n\n\n\n<p>Todos somos conscientes de lo que supone nuestra madre, pero a veces en mitad del ruido nos olvidamos de muchas mujeres que tambi\u00e9n son madres y est\u00e1n fuera del foco informativo. Hoy podr\u00edamos ahbalr del milagro de las madres que est\u00e1n en mitad de guerras no queridas, las madres que viven en medio de violencia y en definitiva, acordarnos de todas las madres que hacen que el milagro de la vida y el amor sean posibles.. Feliz s\u00e1bado d\u00eda del Pilar.<\/p>\n\n\n\n<figure class=\"wp-block-image size-full\"><a href=\"https:\/\/blogs.deusto.es\/wp-content\/uploads\/sites\/26\/2024\/10\/image-10.png\"><img fetchpriority=\"high\" decoding=\"async\" width=\"812\" height=\"806\" src=\"https:\/\/blogs.deusto.es\/wp-content\/uploads\/sites\/26\/2024\/10\/image-10.png\" alt=\"\" class=\"wp-image-5752\" srcset=\"https:\/\/blogs.deusto.es\/wp-content\/uploads\/sites\/26\/2024\/10\/image-10.png 812w, https:\/\/blogs.deusto.es\/wp-content\/uploads\/sites\/26\/2024\/10\/image-10-300x298.png 300w, https:\/\/blogs.deusto.es\/wp-content\/uploads\/sites\/26\/2024\/10\/image-10-150x150.png 150w, https:\/\/blogs.deusto.es\/wp-content\/uploads\/sites\/26\/2024\/10\/image-10-768x762.png 768w\" sizes=\"(max-width: 812px) 100vw, 812px\" \/><\/a><\/figure>\n","protected":false},"excerpt":{"rendered":"<p>12 de octubre. S\u00e1bado de la XXVII semana del tiempo ordinario. Virgen del Pilar Cada uno somos hijos e hijas de neustra madre. Es desde ellas como comienzan las historias de cada uno y es con ellas como crecemos para &hellip; <a href=\"https:\/\/blogs.deusto.es\/magis\/viva-la-madre-que-te-pario\/\">Sigue leyendo <span class=\"meta-nav\">&rarr;<\/span><\/a><\/p>\n","protected":false},"author":386,"featured_media":0,"comment_status":"open","ping_status":"open","sticky":false,"template":"","format":"standard","meta":{"footnotes":""},"categories":[1],"tags":[],"class_list":["post-5751","post","type-post","status-publish","format-standard","hentry","category-publicaciones-blog"],"_links":{"self":[{"href":"https:\/\/blogs.deusto.es\/magis\/wp-json\/wp\/v2\/posts\/5751","targetHints":{"allow":["GET"]}}],"collection":[{"href":"https:\/\/blogs.deusto.es\/magis\/wp-json\/wp\/v2\/posts"}],"about":[{"href":"https:\/\/blogs.deusto.es\/magis\/wp-json\/wp\/v2\/types\/post"}],"author":[{"embeddable":true,"href":"https:\/\/blogs.deusto.es\/magis\/wp-json\/wp\/v2\/users\/386"}],"replies":[{"embeddable":true,"href":"https:\/\/blogs.deusto.es\/magis\/wp-json\/wp\/v2\/comments?post=5751"}],"version-history":[{"count":1,"href":"https:\/\/blogs.deusto.es\/magis\/wp-json\/wp\/v2\/posts\/5751\/revisions"}],"predecessor-version":[{"id":5753,"href":"https:\/\/blogs.deusto.es\/magis\/wp-json\/wp\/v2\/posts\/5751\/revisions\/5753"}],"wp:attachment":[{"href":"https:\/\/blogs.deusto.es\/magis\/wp-json\/wp\/v2\/media?parent=5751"}],"wp:term":[{"taxonomy":"category","embeddable":true,"href":"https:\/\/blogs.deusto.es\/magis\/wp-json\/wp\/v2\/categories?post=5751"},{"taxonomy":"post_tag","embeddable":true,"href":"https:\/\/blogs.deusto.es\/magis\/wp-json\/wp\/v2\/tags?post=5751"}],"curies":[{"name":"wp","href":"https:\/\/api.w.org\/{rel}","templated":true}]}}