{"id":5754,"date":"2024-10-13T09:30:43","date_gmt":"2024-10-13T07:30:43","guid":{"rendered":"https:\/\/blogs.deusto.es\/magis\/?p=5754"},"modified":"2024-10-13T09:30:43","modified_gmt":"2024-10-13T07:30:43","slug":"libres-para-el-reino","status":"publish","type":"post","link":"https:\/\/blogs.deusto.es\/magis\/libres-para-el-reino\/","title":{"rendered":"Libres para el Reino"},"content":{"rendered":"\n<p><a href=\"https:\/\/www.misadecadadia.es\/read.html\">13 de octubre. Domingo de la XXVIII semana del tiempo ordinario<\/a>.<\/p>\n\n\n\n<p>En nuestra sociedad vivimos tan bien que nos cuesta mucho renunciar. Nuestro confortable estilo de vida nos mete en una especia de c\u00e1rcel que no nos permite decir que no a algunas din\u00e1micas, y que por tanto nos atrapa en una especie de telera\u00f1a de la que nos cuesta escapar.<\/p>\n\n\n\n<p>El joven rico representa la dificultad del renunciar. Todo est\u00e1 bajo su control, menos la llamada de Dios a dar un paso m\u00e1s y desprenderse de aquello que le quita la libertad para el seguimiento, la aut\u00e9ntica libertad del Evangelio.<\/p>\n\n\n\n<p>A veces nuestra trsiteza social tiene que ver con el miedo a perder no sabemos muy bien qu\u00e9. Responder a la soceidad del miedo requiere libertad para la alegr\u00eda de lo nuevo que nos est\u00e1 esperando un poquito m\u00e1s all\u00e1. Feliz domingo.<\/p>\n\n\n\n<figure class=\"wp-block-image size-full\"><a href=\"https:\/\/blogs.deusto.es\/wp-content\/uploads\/sites\/26\/2024\/10\/image-11.png\"><img fetchpriority=\"high\" decoding=\"async\" width=\"796\" height=\"797\" src=\"https:\/\/blogs.deusto.es\/wp-content\/uploads\/sites\/26\/2024\/10\/image-11.png\" alt=\"\" class=\"wp-image-5755\" srcset=\"https:\/\/blogs.deusto.es\/wp-content\/uploads\/sites\/26\/2024\/10\/image-11.png 796w, https:\/\/blogs.deusto.es\/wp-content\/uploads\/sites\/26\/2024\/10\/image-11-300x300.png 300w, https:\/\/blogs.deusto.es\/wp-content\/uploads\/sites\/26\/2024\/10\/image-11-150x150.png 150w, https:\/\/blogs.deusto.es\/wp-content\/uploads\/sites\/26\/2024\/10\/image-11-768x769.png 768w\" sizes=\"(max-width: 796px) 100vw, 796px\" \/><\/a><\/figure>\n","protected":false},"excerpt":{"rendered":"<p>13 de octubre. Domingo de la XXVIII semana del tiempo ordinario. En nuestra sociedad vivimos tan bien que nos cuesta mucho renunciar. Nuestro confortable estilo de vida nos mete en una especia de c\u00e1rcel que no nos permite decir que &hellip; <a href=\"https:\/\/blogs.deusto.es\/magis\/libres-para-el-reino\/\">Sigue leyendo <span class=\"meta-nav\">&rarr;<\/span><\/a><\/p>\n","protected":false},"author":386,"featured_media":0,"comment_status":"open","ping_status":"open","sticky":false,"template":"","format":"standard","meta":{"footnotes":""},"categories":[1],"tags":[],"class_list":["post-5754","post","type-post","status-publish","format-standard","hentry","category-publicaciones-blog"],"_links":{"self":[{"href":"https:\/\/blogs.deusto.es\/magis\/wp-json\/wp\/v2\/posts\/5754","targetHints":{"allow":["GET"]}}],"collection":[{"href":"https:\/\/blogs.deusto.es\/magis\/wp-json\/wp\/v2\/posts"}],"about":[{"href":"https:\/\/blogs.deusto.es\/magis\/wp-json\/wp\/v2\/types\/post"}],"author":[{"embeddable":true,"href":"https:\/\/blogs.deusto.es\/magis\/wp-json\/wp\/v2\/users\/386"}],"replies":[{"embeddable":true,"href":"https:\/\/blogs.deusto.es\/magis\/wp-json\/wp\/v2\/comments?post=5754"}],"version-history":[{"count":1,"href":"https:\/\/blogs.deusto.es\/magis\/wp-json\/wp\/v2\/posts\/5754\/revisions"}],"predecessor-version":[{"id":5756,"href":"https:\/\/blogs.deusto.es\/magis\/wp-json\/wp\/v2\/posts\/5754\/revisions\/5756"}],"wp:attachment":[{"href":"https:\/\/blogs.deusto.es\/magis\/wp-json\/wp\/v2\/media?parent=5754"}],"wp:term":[{"taxonomy":"category","embeddable":true,"href":"https:\/\/blogs.deusto.es\/magis\/wp-json\/wp\/v2\/categories?post=5754"},{"taxonomy":"post_tag","embeddable":true,"href":"https:\/\/blogs.deusto.es\/magis\/wp-json\/wp\/v2\/tags?post=5754"}],"curies":[{"name":"wp","href":"https:\/\/api.w.org\/{rel}","templated":true}]}}