{"id":5760,"date":"2024-10-15T08:43:44","date_gmt":"2024-10-15T06:43:44","guid":{"rendered":"https:\/\/blogs.deusto.es\/magis\/?p=5760"},"modified":"2024-10-15T08:43:44","modified_gmt":"2024-10-15T06:43:44","slug":"vivir-descansadamente","status":"publish","type":"post","link":"https:\/\/blogs.deusto.es\/magis\/vivir-descansadamente\/","title":{"rendered":"Vivir descansadamente"},"content":{"rendered":"\n<p><a href=\"https:\/\/www.misadecadadia.es\/read.html\">15 de octubre. Martes de la XXVIII semana del tiempo ordinario<\/a>.Santa Teresa de Jes\u00fas<\/p>\n\n\n\n<p>Vivimos en modo de extremos. Trabajamos tan intensamente que necesitamos descansar con la misma intensidad. Es por ello que no es extra\u00f1o que aparezcan en nuestros paisajes el estr\u00e9s, la ansiedad y otras cosas que nos recuerdan que este modo de vida no va lejos.<\/p>\n\n\n\n<p>En tiempos de Jes\u00fas vemos que lo del agobio ya estaba presente. En el Evangelio se nos presenta a Jes\u00fas como un refugio. Su invitaci\u00f3n a los \u00abcansados y agobiados\u00bb es un mensaje de esperanza y consuelo real para gente real.<\/p>\n\n\n\n<p>Un compa\u00f1ero que celebraba sus 75 a\u00f1os de votos como jesuita en la homil\u00eda nos dijo que su error fue trabajar demasiado. Otro, dec\u00eda que\u00e9l no hab\u00eda entrado a la COmpa\u00f1\u00eda a trabajar, sino a vivir. Son lecciones de los mayores que con la invitaci\u00f3n de Jes\u00fas nos puede dar pistas para hoy. Feliz martes.<\/p>\n\n\n\n<figure class=\"wp-block-image size-full\"><a href=\"https:\/\/blogs.deusto.es\/wp-content\/uploads\/sites\/26\/2024\/10\/image-13.png\"><img fetchpriority=\"high\" decoding=\"async\" width=\"1008\" height=\"663\" src=\"https:\/\/blogs.deusto.es\/wp-content\/uploads\/sites\/26\/2024\/10\/image-13.png\" alt=\"\" class=\"wp-image-5761\" srcset=\"https:\/\/blogs.deusto.es\/wp-content\/uploads\/sites\/26\/2024\/10\/image-13.png 1008w, https:\/\/blogs.deusto.es\/wp-content\/uploads\/sites\/26\/2024\/10\/image-13-300x197.png 300w, https:\/\/blogs.deusto.es\/wp-content\/uploads\/sites\/26\/2024\/10\/image-13-768x505.png 768w\" sizes=\"(max-width: 1008px) 100vw, 1008px\" \/><\/a><\/figure>\n","protected":false},"excerpt":{"rendered":"<p>15 de octubre. Martes de la XXVIII semana del tiempo ordinario.Santa Teresa de Jes\u00fas Vivimos en modo de extremos. Trabajamos tan intensamente que necesitamos descansar con la misma intensidad. Es por ello que no es extra\u00f1o que aparezcan en nuestros &hellip; <a href=\"https:\/\/blogs.deusto.es\/magis\/vivir-descansadamente\/\">Sigue leyendo <span class=\"meta-nav\">&rarr;<\/span><\/a><\/p>\n","protected":false},"author":386,"featured_media":0,"comment_status":"open","ping_status":"open","sticky":false,"template":"","format":"standard","meta":{"footnotes":""},"categories":[1],"tags":[],"class_list":["post-5760","post","type-post","status-publish","format-standard","hentry","category-publicaciones-blog"],"_links":{"self":[{"href":"https:\/\/blogs.deusto.es\/magis\/wp-json\/wp\/v2\/posts\/5760","targetHints":{"allow":["GET"]}}],"collection":[{"href":"https:\/\/blogs.deusto.es\/magis\/wp-json\/wp\/v2\/posts"}],"about":[{"href":"https:\/\/blogs.deusto.es\/magis\/wp-json\/wp\/v2\/types\/post"}],"author":[{"embeddable":true,"href":"https:\/\/blogs.deusto.es\/magis\/wp-json\/wp\/v2\/users\/386"}],"replies":[{"embeddable":true,"href":"https:\/\/blogs.deusto.es\/magis\/wp-json\/wp\/v2\/comments?post=5760"}],"version-history":[{"count":1,"href":"https:\/\/blogs.deusto.es\/magis\/wp-json\/wp\/v2\/posts\/5760\/revisions"}],"predecessor-version":[{"id":5762,"href":"https:\/\/blogs.deusto.es\/magis\/wp-json\/wp\/v2\/posts\/5760\/revisions\/5762"}],"wp:attachment":[{"href":"https:\/\/blogs.deusto.es\/magis\/wp-json\/wp\/v2\/media?parent=5760"}],"wp:term":[{"taxonomy":"category","embeddable":true,"href":"https:\/\/blogs.deusto.es\/magis\/wp-json\/wp\/v2\/categories?post=5760"},{"taxonomy":"post_tag","embeddable":true,"href":"https:\/\/blogs.deusto.es\/magis\/wp-json\/wp\/v2\/tags?post=5760"}],"curies":[{"name":"wp","href":"https:\/\/api.w.org\/{rel}","templated":true}]}}