{"id":5763,"date":"2024-10-17T06:36:31","date_gmt":"2024-10-17T04:36:31","guid":{"rendered":"https:\/\/blogs.deusto.es\/magis\/?p=5763"},"modified":"2024-10-17T06:36:31","modified_gmt":"2024-10-17T04:36:31","slug":"sangre-derramada","status":"publish","type":"post","link":"https:\/\/blogs.deusto.es\/magis\/sangre-derramada\/","title":{"rendered":"Sangre derramada"},"content":{"rendered":"\n<p><a href=\"https:\/\/www.misadecadadia.es\/read.html\">17 de octubre. Jueves de la XXVIII semana del tiempo ordinario<\/a>.San Ignacio de Antioqu\u00eda<\/p>\n\n\n\n<p>Una vez m\u00e1s la guerra nos pone ante nosotros la cuesti\u00f3n de la responsabilidad de la sangre derramada. Las im\u00e1genes de ni\u00f1os, mujeres y mayores asesinados hacen que su sangre derramada clame por la verdad y la justicia.<\/p>\n\n\n\n<p>La menci\u00f3n que hace JEs\u00fas de Abel hasta Zacar\u00edas abarca simb\u00f3licamente toda la historia de la injusticia contra los mensajeros de Dios. Es una llamada a reconocer que cada generaci\u00f3n tiene, tenemos  la responsabilidad de enfrentar su propia verdad.<\/p>\n\n\n\n<p>Nuestor mundo necesita urgentemente parar de matar, necesita urgentemente dejar herir, arrasar y destruir. Necesitamos un mundo en que se construyan puentes de convivencia en la que todos podamos vivir juntos. Feliz jueves.<\/p>\n\n\n\n<figure class=\"wp-block-image size-full\"><a href=\"https:\/\/blogs.deusto.es\/wp-content\/uploads\/sites\/26\/2024\/10\/image-14.png\"><img fetchpriority=\"high\" decoding=\"async\" width=\"758\" height=\"401\" src=\"https:\/\/blogs.deusto.es\/wp-content\/uploads\/sites\/26\/2024\/10\/image-14.png\" alt=\"\" class=\"wp-image-5764\" srcset=\"https:\/\/blogs.deusto.es\/wp-content\/uploads\/sites\/26\/2024\/10\/image-14.png 758w, https:\/\/blogs.deusto.es\/wp-content\/uploads\/sites\/26\/2024\/10\/image-14-300x159.png 300w\" sizes=\"(max-width: 758px) 100vw, 758px\" \/><\/a><\/figure>\n","protected":false},"excerpt":{"rendered":"<p>17 de octubre. Jueves de la XXVIII semana del tiempo ordinario.San Ignacio de Antioqu\u00eda Una vez m\u00e1s la guerra nos pone ante nosotros la cuesti\u00f3n de la responsabilidad de la sangre derramada. Las im\u00e1genes de ni\u00f1os, mujeres y mayores asesinados &hellip; <a href=\"https:\/\/blogs.deusto.es\/magis\/sangre-derramada\/\">Sigue leyendo <span class=\"meta-nav\">&rarr;<\/span><\/a><\/p>\n","protected":false},"author":386,"featured_media":0,"comment_status":"open","ping_status":"open","sticky":false,"template":"","format":"standard","meta":{"footnotes":""},"categories":[1],"tags":[],"class_list":["post-5763","post","type-post","status-publish","format-standard","hentry","category-publicaciones-blog"],"_links":{"self":[{"href":"https:\/\/blogs.deusto.es\/magis\/wp-json\/wp\/v2\/posts\/5763","targetHints":{"allow":["GET"]}}],"collection":[{"href":"https:\/\/blogs.deusto.es\/magis\/wp-json\/wp\/v2\/posts"}],"about":[{"href":"https:\/\/blogs.deusto.es\/magis\/wp-json\/wp\/v2\/types\/post"}],"author":[{"embeddable":true,"href":"https:\/\/blogs.deusto.es\/magis\/wp-json\/wp\/v2\/users\/386"}],"replies":[{"embeddable":true,"href":"https:\/\/blogs.deusto.es\/magis\/wp-json\/wp\/v2\/comments?post=5763"}],"version-history":[{"count":1,"href":"https:\/\/blogs.deusto.es\/magis\/wp-json\/wp\/v2\/posts\/5763\/revisions"}],"predecessor-version":[{"id":5765,"href":"https:\/\/blogs.deusto.es\/magis\/wp-json\/wp\/v2\/posts\/5763\/revisions\/5765"}],"wp:attachment":[{"href":"https:\/\/blogs.deusto.es\/magis\/wp-json\/wp\/v2\/media?parent=5763"}],"wp:term":[{"taxonomy":"category","embeddable":true,"href":"https:\/\/blogs.deusto.es\/magis\/wp-json\/wp\/v2\/categories?post=5763"},{"taxonomy":"post_tag","embeddable":true,"href":"https:\/\/blogs.deusto.es\/magis\/wp-json\/wp\/v2\/tags?post=5763"}],"curies":[{"name":"wp","href":"https:\/\/api.w.org\/{rel}","templated":true}]}}