{"id":5769,"date":"2024-10-19T08:04:23","date_gmt":"2024-10-19T06:04:23","guid":{"rendered":"https:\/\/blogs.deusto.es\/magis\/?p=5769"},"modified":"2024-10-19T08:04:23","modified_gmt":"2024-10-19T06:04:23","slug":"lo-que-tenemos-que-decir","status":"publish","type":"post","link":"https:\/\/blogs.deusto.es\/magis\/lo-que-tenemos-que-decir\/","title":{"rendered":"Lo que tenemos que decir"},"content":{"rendered":"\n<p><a href=\"https:\/\/www.misadecadadia.es\/read.html\">19 de octubre. S\u00e1bado de la XXVIII semana del tiempo ordinario<\/a> <\/p>\n\n\n\n<p>Ha habido y hay silencios c\u00f3mplices que matan. En nuestro mundo pasan demasiadas cosas ante los ojos de muchos que callan y no dicen (decimos) lo que hay que decir. Mientras por un lado inflamos la libertad de expresi\u00f3n para decir tonter\u00edas callamos lo que tenemos que decir realmente.<\/p>\n\n\n\n<p>El Evangelio es la invitaci\u00f3n a dar testimonio m\u00e1s all\u00e1 del miedo. En un contexto en que lo religioso se orilla al \u00e1mbito privado y a la vez se silencia en el \u00e1mbito p\u00fablica. Desde el Evangelio es desde donde se nos invita a hablar con sencillez pero con verdad.<\/p>\n\n\n\n<p>La invitaci\u00f3n de hoy no es la de ser sincer\u00edcidas, sino tener la palabra y el gesto oportunos en nuestor contexto cotidiano y en nuestra condici\u00f3n de ciudadanos. Creemos que no podemos mucho, pero a vecez podemos m\u00e1s de lo que creemos. Feliz s\u00e1bao.<\/p>\n\n\n\n<figure class=\"wp-block-image size-full\"><a href=\"https:\/\/blogs.deusto.es\/wp-content\/uploads\/sites\/26\/2024\/10\/image-16.png\"><img fetchpriority=\"high\" decoding=\"async\" width=\"794\" height=\"809\" src=\"https:\/\/blogs.deusto.es\/wp-content\/uploads\/sites\/26\/2024\/10\/image-16.png\" alt=\"\" class=\"wp-image-5770\" srcset=\"https:\/\/blogs.deusto.es\/wp-content\/uploads\/sites\/26\/2024\/10\/image-16.png 794w, https:\/\/blogs.deusto.es\/wp-content\/uploads\/sites\/26\/2024\/10\/image-16-294x300.png 294w, https:\/\/blogs.deusto.es\/wp-content\/uploads\/sites\/26\/2024\/10\/image-16-768x783.png 768w\" sizes=\"(max-width: 794px) 100vw, 794px\" \/><\/a><\/figure>\n","protected":false},"excerpt":{"rendered":"<p>19 de octubre. S\u00e1bado de la XXVIII semana del tiempo ordinario Ha habido y hay silencios c\u00f3mplices que matan. En nuestro mundo pasan demasiadas cosas ante los ojos de muchos que callan y no dicen (decimos) lo que hay que &hellip; <a href=\"https:\/\/blogs.deusto.es\/magis\/lo-que-tenemos-que-decir\/\">Sigue leyendo <span class=\"meta-nav\">&rarr;<\/span><\/a><\/p>\n","protected":false},"author":386,"featured_media":0,"comment_status":"open","ping_status":"open","sticky":false,"template":"","format":"standard","meta":{"footnotes":""},"categories":[1],"tags":[],"class_list":["post-5769","post","type-post","status-publish","format-standard","hentry","category-publicaciones-blog"],"_links":{"self":[{"href":"https:\/\/blogs.deusto.es\/magis\/wp-json\/wp\/v2\/posts\/5769","targetHints":{"allow":["GET"]}}],"collection":[{"href":"https:\/\/blogs.deusto.es\/magis\/wp-json\/wp\/v2\/posts"}],"about":[{"href":"https:\/\/blogs.deusto.es\/magis\/wp-json\/wp\/v2\/types\/post"}],"author":[{"embeddable":true,"href":"https:\/\/blogs.deusto.es\/magis\/wp-json\/wp\/v2\/users\/386"}],"replies":[{"embeddable":true,"href":"https:\/\/blogs.deusto.es\/magis\/wp-json\/wp\/v2\/comments?post=5769"}],"version-history":[{"count":1,"href":"https:\/\/blogs.deusto.es\/magis\/wp-json\/wp\/v2\/posts\/5769\/revisions"}],"predecessor-version":[{"id":5771,"href":"https:\/\/blogs.deusto.es\/magis\/wp-json\/wp\/v2\/posts\/5769\/revisions\/5771"}],"wp:attachment":[{"href":"https:\/\/blogs.deusto.es\/magis\/wp-json\/wp\/v2\/media?parent=5769"}],"wp:term":[{"taxonomy":"category","embeddable":true,"href":"https:\/\/blogs.deusto.es\/magis\/wp-json\/wp\/v2\/categories?post=5769"},{"taxonomy":"post_tag","embeddable":true,"href":"https:\/\/blogs.deusto.es\/magis\/wp-json\/wp\/v2\/tags?post=5769"}],"curies":[{"name":"wp","href":"https:\/\/api.w.org\/{rel}","templated":true}]}}