{"id":5786,"date":"2024-10-23T08:16:54","date_gmt":"2024-10-23T06:16:54","guid":{"rendered":"https:\/\/blogs.deusto.es\/magis\/?p=5786"},"modified":"2024-10-23T08:16:54","modified_gmt":"2024-10-23T06:16:54","slug":"tarda-en-llegar","status":"publish","type":"post","link":"https:\/\/blogs.deusto.es\/magis\/tarda-en-llegar\/","title":{"rendered":"Tarda en llegar"},"content":{"rendered":"\n<p><a href=\"https:\/\/www.misadecadadia.es\/read.html\">23 de octubre.Mi\u00e9rcoles de la XXIX semana del tiempo ordinario<\/a><\/p>\n\n\n\n<p>En un mundo que parece privilegiar lo inmediato y lo superficial, se nos olvida que los procesos necesitan tiempo, y aquello a lo que aspiramos suele tardar en llegar. As\u00ed nos encontramos con personas que buscan atajos a la vida y entonces los problemas crecen.<\/p>\n\n\n\n<p>El Evangelio nos invit aa estar atentos. Lo cotidiano a veces es un disipador de la atenci\u00f3n y nos despistamos. La experiencia del Reino es algo que tarda m\u00e1s de lo que a veces quisi\u00e9ramos y de ah\u00ed la importancia de mantenernos fieles en la vivencia del Reino.<\/p>\n\n\n\n<p>Hoy podr\u00edamos mirar el d\u00eda como un paso m\u00e1s en la gran marat\u00f3n que es la vida. Es ese apso que nos lleva a otros y en esa direcci\u00f3n a la que corre podamos ir disfrutando de este d\u00eda que tenemos delante. Feliz mi\u00e9rcoles.<\/p>\n\n\n\n<figure class=\"wp-block-image size-full\"><a href=\"https:\/\/blogs.deusto.es\/wp-content\/uploads\/sites\/26\/2024\/10\/image-20.png\"><img fetchpriority=\"high\" decoding=\"async\" width=\"801\" height=\"797\" src=\"https:\/\/blogs.deusto.es\/wp-content\/uploads\/sites\/26\/2024\/10\/image-20.png\" alt=\"\" class=\"wp-image-5787\" srcset=\"https:\/\/blogs.deusto.es\/wp-content\/uploads\/sites\/26\/2024\/10\/image-20.png 801w, https:\/\/blogs.deusto.es\/wp-content\/uploads\/sites\/26\/2024\/10\/image-20-300x300.png 300w, https:\/\/blogs.deusto.es\/wp-content\/uploads\/sites\/26\/2024\/10\/image-20-150x150.png 150w, https:\/\/blogs.deusto.es\/wp-content\/uploads\/sites\/26\/2024\/10\/image-20-768x764.png 768w\" sizes=\"(max-width: 801px) 100vw, 801px\" \/><\/a><\/figure>\n","protected":false},"excerpt":{"rendered":"<p>23 de octubre.Mi\u00e9rcoles de la XXIX semana del tiempo ordinario En un mundo que parece privilegiar lo inmediato y lo superficial, se nos olvida que los procesos necesitan tiempo, y aquello a lo que aspiramos suele tardar en llegar. As\u00ed &hellip; <a href=\"https:\/\/blogs.deusto.es\/magis\/tarda-en-llegar\/\">Sigue leyendo <span class=\"meta-nav\">&rarr;<\/span><\/a><\/p>\n","protected":false},"author":386,"featured_media":0,"comment_status":"open","ping_status":"open","sticky":false,"template":"","format":"standard","meta":{"footnotes":""},"categories":[1],"tags":[],"class_list":["post-5786","post","type-post","status-publish","format-standard","hentry","category-publicaciones-blog"],"_links":{"self":[{"href":"https:\/\/blogs.deusto.es\/magis\/wp-json\/wp\/v2\/posts\/5786","targetHints":{"allow":["GET"]}}],"collection":[{"href":"https:\/\/blogs.deusto.es\/magis\/wp-json\/wp\/v2\/posts"}],"about":[{"href":"https:\/\/blogs.deusto.es\/magis\/wp-json\/wp\/v2\/types\/post"}],"author":[{"embeddable":true,"href":"https:\/\/blogs.deusto.es\/magis\/wp-json\/wp\/v2\/users\/386"}],"replies":[{"embeddable":true,"href":"https:\/\/blogs.deusto.es\/magis\/wp-json\/wp\/v2\/comments?post=5786"}],"version-history":[{"count":1,"href":"https:\/\/blogs.deusto.es\/magis\/wp-json\/wp\/v2\/posts\/5786\/revisions"}],"predecessor-version":[{"id":5788,"href":"https:\/\/blogs.deusto.es\/magis\/wp-json\/wp\/v2\/posts\/5786\/revisions\/5788"}],"wp:attachment":[{"href":"https:\/\/blogs.deusto.es\/magis\/wp-json\/wp\/v2\/media?parent=5786"}],"wp:term":[{"taxonomy":"category","embeddable":true,"href":"https:\/\/blogs.deusto.es\/magis\/wp-json\/wp\/v2\/categories?post=5786"},{"taxonomy":"post_tag","embeddable":true,"href":"https:\/\/blogs.deusto.es\/magis\/wp-json\/wp\/v2\/tags?post=5786"}],"curies":[{"name":"wp","href":"https:\/\/api.w.org\/{rel}","templated":true}]}}