{"id":5789,"date":"2024-10-24T08:04:54","date_gmt":"2024-10-24T06:04:54","guid":{"rendered":"https:\/\/blogs.deusto.es\/magis\/?p=5789"},"modified":"2024-10-24T08:04:54","modified_gmt":"2024-10-24T06:04:54","slug":"el-fuego-que-transforma","status":"publish","type":"post","link":"https:\/\/blogs.deusto.es\/magis\/el-fuego-que-transforma\/","title":{"rendered":"El fuego que transforma"},"content":{"rendered":"\n<p><a href=\"https:\/\/www.misadecadadia.es\/read.html\">24 de octubre. Viernes de la XXIX semana del tiempo ordinario<\/a><\/p>\n\n\n\n<p>Toda sociedad es resistente al cambio. Tiene mucho m\u00e1s miedo a perder que lo que se pueda ganar y es por eso que hay muchos temas que dejamos que se pudran en la vida gris en lugar de transformarlos. <\/p>\n\n\n\n<p>Cuando Jes\u00fas dice \u00abHe venido a prender fuego a la tierra\u00bb, no habla de destrucci\u00f3n, sino de transformaci\u00f3n. Este fuego es el mismo que vimos en Pentecost\u00e9s: el fuego del Esp\u00edritu Santo que purifica, que transforma, que renueva. Es un fuego que consume lo viejo para dar paso a lo nuevo.<\/p>\n\n\n\n<p>Hoy puede ser un momento de transformaci\u00f3n. Empezar a echar al fuego esas cosas que nos hacen grises y dejar que la fuerza de la propia vida nos lleve a lugares nuevos con otro color y con otra vitalidad. Feliz jueves.<\/p>\n\n\n\n<figure class=\"wp-block-image size-full\"><a href=\"https:\/\/blogs.deusto.es\/wp-content\/uploads\/sites\/26\/2024\/10\/image-21.png\"><img fetchpriority=\"high\" decoding=\"async\" width=\"795\" height=\"798\" src=\"https:\/\/blogs.deusto.es\/wp-content\/uploads\/sites\/26\/2024\/10\/image-21.png\" alt=\"\" class=\"wp-image-5790\" srcset=\"https:\/\/blogs.deusto.es\/wp-content\/uploads\/sites\/26\/2024\/10\/image-21.png 795w, https:\/\/blogs.deusto.es\/wp-content\/uploads\/sites\/26\/2024\/10\/image-21-300x300.png 300w, https:\/\/blogs.deusto.es\/wp-content\/uploads\/sites\/26\/2024\/10\/image-21-150x150.png 150w, https:\/\/blogs.deusto.es\/wp-content\/uploads\/sites\/26\/2024\/10\/image-21-768x771.png 768w\" sizes=\"(max-width: 795px) 100vw, 795px\" \/><\/a><\/figure>\n","protected":false},"excerpt":{"rendered":"<p>24 de octubre. Viernes de la XXIX semana del tiempo ordinario Toda sociedad es resistente al cambio. Tiene mucho m\u00e1s miedo a perder que lo que se pueda ganar y es por eso que hay muchos temas que dejamos que &hellip; <a href=\"https:\/\/blogs.deusto.es\/magis\/el-fuego-que-transforma\/\">Sigue leyendo <span class=\"meta-nav\">&rarr;<\/span><\/a><\/p>\n","protected":false},"author":386,"featured_media":0,"comment_status":"open","ping_status":"open","sticky":false,"template":"","format":"standard","meta":{"footnotes":""},"categories":[1],"tags":[],"class_list":["post-5789","post","type-post","status-publish","format-standard","hentry","category-publicaciones-blog"],"_links":{"self":[{"href":"https:\/\/blogs.deusto.es\/magis\/wp-json\/wp\/v2\/posts\/5789","targetHints":{"allow":["GET"]}}],"collection":[{"href":"https:\/\/blogs.deusto.es\/magis\/wp-json\/wp\/v2\/posts"}],"about":[{"href":"https:\/\/blogs.deusto.es\/magis\/wp-json\/wp\/v2\/types\/post"}],"author":[{"embeddable":true,"href":"https:\/\/blogs.deusto.es\/magis\/wp-json\/wp\/v2\/users\/386"}],"replies":[{"embeddable":true,"href":"https:\/\/blogs.deusto.es\/magis\/wp-json\/wp\/v2\/comments?post=5789"}],"version-history":[{"count":1,"href":"https:\/\/blogs.deusto.es\/magis\/wp-json\/wp\/v2\/posts\/5789\/revisions"}],"predecessor-version":[{"id":5791,"href":"https:\/\/blogs.deusto.es\/magis\/wp-json\/wp\/v2\/posts\/5789\/revisions\/5791"}],"wp:attachment":[{"href":"https:\/\/blogs.deusto.es\/magis\/wp-json\/wp\/v2\/media?parent=5789"}],"wp:term":[{"taxonomy":"category","embeddable":true,"href":"https:\/\/blogs.deusto.es\/magis\/wp-json\/wp\/v2\/categories?post=5789"},{"taxonomy":"post_tag","embeddable":true,"href":"https:\/\/blogs.deusto.es\/magis\/wp-json\/wp\/v2\/tags?post=5789"}],"curies":[{"name":"wp","href":"https:\/\/api.w.org\/{rel}","templated":true}]}}