{"id":5792,"date":"2024-10-25T07:48:19","date_gmt":"2024-10-25T05:48:19","guid":{"rendered":"https:\/\/blogs.deusto.es\/magis\/?p=5792"},"modified":"2024-10-25T07:48:19","modified_gmt":"2024-10-25T05:48:19","slug":"interpretar-el-tiempo-presente-3","status":"publish","type":"post","link":"https:\/\/blogs.deusto.es\/magis\/interpretar-el-tiempo-presente-3\/","title":{"rendered":"Interpretar el tiempo presente"},"content":{"rendered":"\n<p><a href=\"https:\/\/www.misadecadadia.es\/read.html\">25 de octubre. Viernes  de la XXIX semana del tiempo ordinario<\/a><\/p>\n\n\n\n<p>Nuestro tiempo presente est\u00e1 lleno de datos que nos hablan de la realidad, hemos desarrollado todo un proceso de Big Data. Pero tanto dato se nos resiste a interpretar este tiempo presente en todo el signficiado que pueda tener para nuestra vida.<\/p>\n\n\n\n<p>Jes\u00fas se\u00f1ala otra de nuestras paradojas humanas. Por un lado somos capaces de interpretar con precisi\u00f3n los signos meteorol\u00f3gicos, pero luego fallamos en \u00ableer\u00bb los signos que nos hablan de nuestro tiempo presente. <\/p>\n\n\n\n<p>Deber\u00edamos fortalecer nuestra capacidad de entender el tiempo que vivimos. Se trata de tomar responsabilidad como generaci\u00f3n para hacernos cargo de este mundo que vamos a dejar a las generaciones que no siguen. Feliz viernes.<\/p>\n\n\n\n<figure class=\"wp-block-image size-full\"><a href=\"https:\/\/blogs.deusto.es\/wp-content\/uploads\/sites\/26\/2024\/10\/image-22.png\"><img fetchpriority=\"high\" decoding=\"async\" width=\"814\" height=\"796\" src=\"https:\/\/blogs.deusto.es\/wp-content\/uploads\/sites\/26\/2024\/10\/image-22.png\" alt=\"\" class=\"wp-image-5793\" srcset=\"https:\/\/blogs.deusto.es\/wp-content\/uploads\/sites\/26\/2024\/10\/image-22.png 814w, https:\/\/blogs.deusto.es\/wp-content\/uploads\/sites\/26\/2024\/10\/image-22-300x293.png 300w, https:\/\/blogs.deusto.es\/wp-content\/uploads\/sites\/26\/2024\/10\/image-22-768x751.png 768w\" sizes=\"(max-width: 814px) 100vw, 814px\" \/><\/a><\/figure>\n","protected":false},"excerpt":{"rendered":"<p>25 de octubre. Viernes de la XXIX semana del tiempo ordinario Nuestro tiempo presente est\u00e1 lleno de datos que nos hablan de la realidad, hemos desarrollado todo un proceso de Big Data. Pero tanto dato se nos resiste a interpretar &hellip; <a href=\"https:\/\/blogs.deusto.es\/magis\/interpretar-el-tiempo-presente-3\/\">Sigue leyendo <span class=\"meta-nav\">&rarr;<\/span><\/a><\/p>\n","protected":false},"author":386,"featured_media":0,"comment_status":"open","ping_status":"open","sticky":false,"template":"","format":"standard","meta":{"footnotes":""},"categories":[1],"tags":[],"class_list":["post-5792","post","type-post","status-publish","format-standard","hentry","category-publicaciones-blog"],"_links":{"self":[{"href":"https:\/\/blogs.deusto.es\/magis\/wp-json\/wp\/v2\/posts\/5792","targetHints":{"allow":["GET"]}}],"collection":[{"href":"https:\/\/blogs.deusto.es\/magis\/wp-json\/wp\/v2\/posts"}],"about":[{"href":"https:\/\/blogs.deusto.es\/magis\/wp-json\/wp\/v2\/types\/post"}],"author":[{"embeddable":true,"href":"https:\/\/blogs.deusto.es\/magis\/wp-json\/wp\/v2\/users\/386"}],"replies":[{"embeddable":true,"href":"https:\/\/blogs.deusto.es\/magis\/wp-json\/wp\/v2\/comments?post=5792"}],"version-history":[{"count":1,"href":"https:\/\/blogs.deusto.es\/magis\/wp-json\/wp\/v2\/posts\/5792\/revisions"}],"predecessor-version":[{"id":5794,"href":"https:\/\/blogs.deusto.es\/magis\/wp-json\/wp\/v2\/posts\/5792\/revisions\/5794"}],"wp:attachment":[{"href":"https:\/\/blogs.deusto.es\/magis\/wp-json\/wp\/v2\/media?parent=5792"}],"wp:term":[{"taxonomy":"category","embeddable":true,"href":"https:\/\/blogs.deusto.es\/magis\/wp-json\/wp\/v2\/categories?post=5792"},{"taxonomy":"post_tag","embeddable":true,"href":"https:\/\/blogs.deusto.es\/magis\/wp-json\/wp\/v2\/tags?post=5792"}],"curies":[{"name":"wp","href":"https:\/\/api.w.org\/{rel}","templated":true}]}}