{"id":5798,"date":"2024-10-27T10:19:35","date_gmt":"2024-10-27T08:19:35","guid":{"rendered":"https:\/\/blogs.deusto.es\/magis\/?p=5798"},"modified":"2024-10-27T10:20:41","modified_gmt":"2024-10-27T08:20:41","slug":"5798-2","status":"publish","type":"post","link":"https:\/\/blogs.deusto.es\/magis\/5798-2\/","title":{"rendered":"Ciegos"},"content":{"rendered":"\n<p><a href=\"https:\/\/www.misadecadadia.es\/read.html\">27 de octubre.  Domingo de la XXX semana del tiempo ordinario<\/a><\/p>\n\n\n\n<p>Vivimos en una sociedad que nos satura de ruido y de im\u00e1genes cuyo resultado es que estemos ciegos ante algunos aspectos de la realidad. Estas distracciones hacen que naveguemos sobre la vida en lugar de profundizar en ella.<\/p>\n\n\n\n<p>La persistencia de Bartimeo nos ense\u00f1a la importancia de elevar nuestra voz y pedir ayuda cuando la necesitamos. Al igual que \u00e9l, podemos encontrar caminos de plenitud y libertad acerc\u00e1ndonos y llamando a Jes\u00fas con insistencia. <\/p>\n\n\n\n<p>Dec\u00edamos que somos ciegos en alg\u00fan aspecto de nuestra vida, y por tanto necesitados de la luz. La pregunta es: \u00bfTenemos el coraje de gritar como \u00e9l, de soltar nuestros \u00abmantos\u00bb, de expresar nuestro deseo m\u00e1s profundo ante Jes\u00fas y a los que nos rodean? Feliz domingo.<\/p>\n\n\n\n<figure class=\"wp-block-image size-full\"><a href=\"https:\/\/blogs.deusto.es\/wp-content\/uploads\/sites\/26\/2024\/10\/image-24.png\"><img fetchpriority=\"high\" decoding=\"async\" width=\"808\" height=\"796\" src=\"https:\/\/blogs.deusto.es\/wp-content\/uploads\/sites\/26\/2024\/10\/image-24.png\" alt=\"\" class=\"wp-image-5799\" srcset=\"https:\/\/blogs.deusto.es\/wp-content\/uploads\/sites\/26\/2024\/10\/image-24.png 808w, https:\/\/blogs.deusto.es\/wp-content\/uploads\/sites\/26\/2024\/10\/image-24-300x296.png 300w, https:\/\/blogs.deusto.es\/wp-content\/uploads\/sites\/26\/2024\/10\/image-24-768x757.png 768w\" sizes=\"(max-width: 808px) 100vw, 808px\" \/><\/a><\/figure>\n","protected":false},"excerpt":{"rendered":"<p>27 de octubre. Domingo de la XXX semana del tiempo ordinario Vivimos en una sociedad que nos satura de ruido y de im\u00e1genes cuyo resultado es que estemos ciegos ante algunos aspectos de la realidad. Estas distracciones hacen que naveguemos &hellip; <a href=\"https:\/\/blogs.deusto.es\/magis\/5798-2\/\">Sigue leyendo <span class=\"meta-nav\">&rarr;<\/span><\/a><\/p>\n","protected":false},"author":386,"featured_media":0,"comment_status":"open","ping_status":"open","sticky":false,"template":"","format":"standard","meta":{"footnotes":""},"categories":[1],"tags":[],"class_list":["post-5798","post","type-post","status-publish","format-standard","hentry","category-publicaciones-blog"],"_links":{"self":[{"href":"https:\/\/blogs.deusto.es\/magis\/wp-json\/wp\/v2\/posts\/5798","targetHints":{"allow":["GET"]}}],"collection":[{"href":"https:\/\/blogs.deusto.es\/magis\/wp-json\/wp\/v2\/posts"}],"about":[{"href":"https:\/\/blogs.deusto.es\/magis\/wp-json\/wp\/v2\/types\/post"}],"author":[{"embeddable":true,"href":"https:\/\/blogs.deusto.es\/magis\/wp-json\/wp\/v2\/users\/386"}],"replies":[{"embeddable":true,"href":"https:\/\/blogs.deusto.es\/magis\/wp-json\/wp\/v2\/comments?post=5798"}],"version-history":[{"count":2,"href":"https:\/\/blogs.deusto.es\/magis\/wp-json\/wp\/v2\/posts\/5798\/revisions"}],"predecessor-version":[{"id":5801,"href":"https:\/\/blogs.deusto.es\/magis\/wp-json\/wp\/v2\/posts\/5798\/revisions\/5801"}],"wp:attachment":[{"href":"https:\/\/blogs.deusto.es\/magis\/wp-json\/wp\/v2\/media?parent=5798"}],"wp:term":[{"taxonomy":"category","embeddable":true,"href":"https:\/\/blogs.deusto.es\/magis\/wp-json\/wp\/v2\/categories?post=5798"},{"taxonomy":"post_tag","embeddable":true,"href":"https:\/\/blogs.deusto.es\/magis\/wp-json\/wp\/v2\/tags?post=5798"}],"curies":[{"name":"wp","href":"https:\/\/api.w.org\/{rel}","templated":true}]}}