{"id":5802,"date":"2024-10-28T07:37:47","date_gmt":"2024-10-28T05:37:47","guid":{"rendered":"https:\/\/blogs.deusto.es\/magis\/?p=5802"},"modified":"2024-10-28T07:37:47","modified_gmt":"2024-10-28T05:37:47","slug":"la-diversidad-en-la-unidad","status":"publish","type":"post","link":"https:\/\/blogs.deusto.es\/magis\/la-diversidad-en-la-unidad\/","title":{"rendered":"La diversidad en la unidad"},"content":{"rendered":"\n<p><a href=\"https:\/\/www.misadecadadia.es\/read.html\">28 de octubre.  Lunes de la XXX semana del tiempo ordinario<\/a> Santos Sim\u00f3n y Judas, ap\u00f3stoles<\/p>\n\n\n\n<p>Nuestras sociedades se muestran cada vez m\u00e1s diversas. En nuestras calles vemos personas de distintos or\u00edgenes, de distintos idiomas, de distintas formas de vestir, de distintos modos de amar, de formar familias, de edades, religiones, g\u00e9nero &#8230; <\/p>\n\n\n\n<p>La lista de los doce ap\u00f3stoles nos muestra un grupo diverso;  desde pescadores hasta un recaudador de impuestos, desde un zelote (considerado un revolucionario) hasta personas de diferentes procedencias. Esta diversidad nos recuerda que la Iglesia est\u00e1 llamada a ser universal, acogiendo a diversidad de personas de todos los or\u00edgenes y condiciones.<\/p>\n\n\n\n<p>Como comunidades tenemso el reto de vivirnos en la unidad desde los distintos que somos cada uno. Tenemos el reto de convivir juntos, el reto de vivir en paz dejando espacio para los distintos que son otros y los distintos que somos nosotros. Feliz lunes.<\/p>\n\n\n\n<figure class=\"wp-block-image size-full\"><a href=\"https:\/\/blogs.deusto.es\/wp-content\/uploads\/sites\/26\/2024\/10\/image-25.png\"><img fetchpriority=\"high\" decoding=\"async\" width=\"808\" height=\"751\" src=\"https:\/\/blogs.deusto.es\/wp-content\/uploads\/sites\/26\/2024\/10\/image-25.png\" alt=\"\" class=\"wp-image-5803\" srcset=\"https:\/\/blogs.deusto.es\/wp-content\/uploads\/sites\/26\/2024\/10\/image-25.png 808w, https:\/\/blogs.deusto.es\/wp-content\/uploads\/sites\/26\/2024\/10\/image-25-300x279.png 300w, https:\/\/blogs.deusto.es\/wp-content\/uploads\/sites\/26\/2024\/10\/image-25-768x714.png 768w\" sizes=\"(max-width: 808px) 100vw, 808px\" \/><\/a><\/figure>\n","protected":false},"excerpt":{"rendered":"<p>28 de octubre. Lunes de la XXX semana del tiempo ordinario Santos Sim\u00f3n y Judas, ap\u00f3stoles Nuestras sociedades se muestran cada vez m\u00e1s diversas. En nuestras calles vemos personas de distintos or\u00edgenes, de distintos idiomas, de distintas formas de vestir, &hellip; <a href=\"https:\/\/blogs.deusto.es\/magis\/la-diversidad-en-la-unidad\/\">Sigue leyendo <span class=\"meta-nav\">&rarr;<\/span><\/a><\/p>\n","protected":false},"author":386,"featured_media":0,"comment_status":"open","ping_status":"open","sticky":false,"template":"","format":"standard","meta":{"footnotes":""},"categories":[1],"tags":[],"class_list":["post-5802","post","type-post","status-publish","format-standard","hentry","category-publicaciones-blog"],"_links":{"self":[{"href":"https:\/\/blogs.deusto.es\/magis\/wp-json\/wp\/v2\/posts\/5802","targetHints":{"allow":["GET"]}}],"collection":[{"href":"https:\/\/blogs.deusto.es\/magis\/wp-json\/wp\/v2\/posts"}],"about":[{"href":"https:\/\/blogs.deusto.es\/magis\/wp-json\/wp\/v2\/types\/post"}],"author":[{"embeddable":true,"href":"https:\/\/blogs.deusto.es\/magis\/wp-json\/wp\/v2\/users\/386"}],"replies":[{"embeddable":true,"href":"https:\/\/blogs.deusto.es\/magis\/wp-json\/wp\/v2\/comments?post=5802"}],"version-history":[{"count":1,"href":"https:\/\/blogs.deusto.es\/magis\/wp-json\/wp\/v2\/posts\/5802\/revisions"}],"predecessor-version":[{"id":5804,"href":"https:\/\/blogs.deusto.es\/magis\/wp-json\/wp\/v2\/posts\/5802\/revisions\/5804"}],"wp:attachment":[{"href":"https:\/\/blogs.deusto.es\/magis\/wp-json\/wp\/v2\/media?parent=5802"}],"wp:term":[{"taxonomy":"category","embeddable":true,"href":"https:\/\/blogs.deusto.es\/magis\/wp-json\/wp\/v2\/categories?post=5802"},{"taxonomy":"post_tag","embeddable":true,"href":"https:\/\/blogs.deusto.es\/magis\/wp-json\/wp\/v2\/tags?post=5802"}],"curies":[{"name":"wp","href":"https:\/\/api.w.org\/{rel}","templated":true}]}}