{"id":5805,"date":"2024-10-29T07:19:01","date_gmt":"2024-10-29T05:19:01","guid":{"rendered":"https:\/\/blogs.deusto.es\/magis\/?p=5805"},"modified":"2024-10-29T07:19:01","modified_gmt":"2024-10-29T05:19:01","slug":"la-transformacion-silenciosa","status":"publish","type":"post","link":"https:\/\/blogs.deusto.es\/magis\/la-transformacion-silenciosa\/","title":{"rendered":"La transformaci\u00f3n silenciosa"},"content":{"rendered":"\n<p><a href=\"https:\/\/www.misadecadadia.es\/read.html\">29 de octubre.  Martes de la XXX semana del tiempo ordinario<\/a><\/p>\n\n\n\n<p>En nuestro mundo actual, donde se valora lo inmediato y lo espectacular, se nos olvida que los verdaderos cambios son frutos de silenciosos procesos graduales de transformaci\u00f3n. Es por eso que demasiadas veces no tenemos la paciencia necesaria que pide la vida misma.<\/p>\n\n\n\n<p>El evanelista nos presenta una par\u00e1bola de Jes\u00f1us donde tanto la semilla como la levadura necesitan tiempo para desarrollar su potencial. El Reino de Dios tambi\u00e9n se desarrolla gradualmente, en silencio y con tiempo en nuestras vidas y en el mundo.<\/p>\n\n\n\n<p>\u00bfC\u00f3mo podemos ser esa peque\u00f1a semilla o esa levadura que transform a nuestro entorno? A veces nos sentimos insignificantes ante los grandes desaf\u00edos del mundo, pero estas par\u00e1bolas nos recuerdan que Dios puede usar lo peque\u00f1o para lograr grandes prop\u00f3sitos.<\/p>\n\n\n\n<figure class=\"wp-block-image size-full\"><a href=\"https:\/\/blogs.deusto.es\/wp-content\/uploads\/sites\/26\/2024\/10\/image-26.png\"><img fetchpriority=\"high\" decoding=\"async\" width=\"600\" height=\"900\" src=\"https:\/\/blogs.deusto.es\/wp-content\/uploads\/sites\/26\/2024\/10\/image-26.png\" alt=\"\" class=\"wp-image-5806\" srcset=\"https:\/\/blogs.deusto.es\/wp-content\/uploads\/sites\/26\/2024\/10\/image-26.png 600w, https:\/\/blogs.deusto.es\/wp-content\/uploads\/sites\/26\/2024\/10\/image-26-200x300.png 200w\" sizes=\"(max-width: 600px) 100vw, 600px\" \/><\/a><\/figure>\n","protected":false},"excerpt":{"rendered":"<p>29 de octubre. Martes de la XXX semana del tiempo ordinario En nuestro mundo actual, donde se valora lo inmediato y lo espectacular, se nos olvida que los verdaderos cambios son frutos de silenciosos procesos graduales de transformaci\u00f3n. Es por &hellip; <a href=\"https:\/\/blogs.deusto.es\/magis\/la-transformacion-silenciosa\/\">Sigue leyendo <span class=\"meta-nav\">&rarr;<\/span><\/a><\/p>\n","protected":false},"author":386,"featured_media":0,"comment_status":"open","ping_status":"open","sticky":false,"template":"","format":"standard","meta":{"footnotes":""},"categories":[1],"tags":[],"class_list":["post-5805","post","type-post","status-publish","format-standard","hentry","category-publicaciones-blog"],"_links":{"self":[{"href":"https:\/\/blogs.deusto.es\/magis\/wp-json\/wp\/v2\/posts\/5805","targetHints":{"allow":["GET"]}}],"collection":[{"href":"https:\/\/blogs.deusto.es\/magis\/wp-json\/wp\/v2\/posts"}],"about":[{"href":"https:\/\/blogs.deusto.es\/magis\/wp-json\/wp\/v2\/types\/post"}],"author":[{"embeddable":true,"href":"https:\/\/blogs.deusto.es\/magis\/wp-json\/wp\/v2\/users\/386"}],"replies":[{"embeddable":true,"href":"https:\/\/blogs.deusto.es\/magis\/wp-json\/wp\/v2\/comments?post=5805"}],"version-history":[{"count":1,"href":"https:\/\/blogs.deusto.es\/magis\/wp-json\/wp\/v2\/posts\/5805\/revisions"}],"predecessor-version":[{"id":5807,"href":"https:\/\/blogs.deusto.es\/magis\/wp-json\/wp\/v2\/posts\/5805\/revisions\/5807"}],"wp:attachment":[{"href":"https:\/\/blogs.deusto.es\/magis\/wp-json\/wp\/v2\/media?parent=5805"}],"wp:term":[{"taxonomy":"category","embeddable":true,"href":"https:\/\/blogs.deusto.es\/magis\/wp-json\/wp\/v2\/categories?post=5805"},{"taxonomy":"post_tag","embeddable":true,"href":"https:\/\/blogs.deusto.es\/magis\/wp-json\/wp\/v2\/tags?post=5805"}],"curies":[{"name":"wp","href":"https:\/\/api.w.org\/{rel}","templated":true}]}}