{"id":5811,"date":"2024-10-31T09:09:54","date_gmt":"2024-10-31T07:09:54","guid":{"rendered":"https:\/\/blogs.deusto.es\/magis\/?p=5811"},"modified":"2024-10-31T09:09:54","modified_gmt":"2024-10-31T07:09:54","slug":"jerusalen-que-matas-a-los-profetas-2","status":"publish","type":"post","link":"https:\/\/blogs.deusto.es\/magis\/jerusalen-que-matas-a-los-profetas-2\/","title":{"rendered":"Jerusal\u00e9n, que matas a los profetas"},"content":{"rendered":"\n<p><a href=\"https:\/\/www.misadecadadia.es\/read.html\">31 de octubre.  Jueves de la XXX semana del tiempo ordinario<\/a>. San Alonso Rodr\u00edguez<\/p>\n\n\n\n<p>Nuestra sociedad se encarga de matar y apedrear a los profetas que confronten al sistema de privilegiados. De un modo u otro se acallan esas voces para que, lo que se conoce como pensamiento \u00fanico, siga su curso legitimador.<\/p>\n\n\n\n<p>Lucas nos presenta a Jes\u00fas como profeta y Salvador. Su misi\u00f3n de liberar a los oprimidos y anunciar el Reino de Dios lo lleva a un enfrentamiento directo con las autoridades religiosas y pol\u00edticas de su tiempo, de lo cual Jes\u00fas es consciente y lo formula al decir que Jerusal\u00e9n mata a los profetas.<\/p>\n\n\n\n<p>Nos toca profuindizar en el pensamiento cr\u00edtico que nos viene de la mano de distintos profetas. Necesitamos de profetas de la esperanza para animar  la b\u00fasqueda de caminos nuevos que nos lleven a otros modos de vida. Feliz jueves.<\/p>\n\n\n\n<figure class=\"wp-block-image size-full\"><a href=\"https:\/\/blogs.deusto.es\/wp-content\/uploads\/sites\/26\/2024\/10\/image-28.png\"><img fetchpriority=\"high\" decoding=\"async\" width=\"400\" height=\"267\" src=\"https:\/\/blogs.deusto.es\/wp-content\/uploads\/sites\/26\/2024\/10\/image-28.png\" alt=\"\" class=\"wp-image-5812\" srcset=\"https:\/\/blogs.deusto.es\/wp-content\/uploads\/sites\/26\/2024\/10\/image-28.png 400w, https:\/\/blogs.deusto.es\/wp-content\/uploads\/sites\/26\/2024\/10\/image-28-300x200.png 300w\" sizes=\"(max-width: 400px) 100vw, 400px\" \/><\/a><\/figure>\n","protected":false},"excerpt":{"rendered":"<p>31 de octubre. Jueves de la XXX semana del tiempo ordinario. San Alonso Rodr\u00edguez Nuestra sociedad se encarga de matar y apedrear a los profetas que confronten al sistema de privilegiados. De un modo u otro se acallan esas voces &hellip; <a href=\"https:\/\/blogs.deusto.es\/magis\/jerusalen-que-matas-a-los-profetas-2\/\">Sigue leyendo <span class=\"meta-nav\">&rarr;<\/span><\/a><\/p>\n","protected":false},"author":386,"featured_media":0,"comment_status":"open","ping_status":"open","sticky":false,"template":"","format":"standard","meta":{"footnotes":""},"categories":[1],"tags":[],"class_list":["post-5811","post","type-post","status-publish","format-standard","hentry","category-publicaciones-blog"],"_links":{"self":[{"href":"https:\/\/blogs.deusto.es\/magis\/wp-json\/wp\/v2\/posts\/5811","targetHints":{"allow":["GET"]}}],"collection":[{"href":"https:\/\/blogs.deusto.es\/magis\/wp-json\/wp\/v2\/posts"}],"about":[{"href":"https:\/\/blogs.deusto.es\/magis\/wp-json\/wp\/v2\/types\/post"}],"author":[{"embeddable":true,"href":"https:\/\/blogs.deusto.es\/magis\/wp-json\/wp\/v2\/users\/386"}],"replies":[{"embeddable":true,"href":"https:\/\/blogs.deusto.es\/magis\/wp-json\/wp\/v2\/comments?post=5811"}],"version-history":[{"count":1,"href":"https:\/\/blogs.deusto.es\/magis\/wp-json\/wp\/v2\/posts\/5811\/revisions"}],"predecessor-version":[{"id":5813,"href":"https:\/\/blogs.deusto.es\/magis\/wp-json\/wp\/v2\/posts\/5811\/revisions\/5813"}],"wp:attachment":[{"href":"https:\/\/blogs.deusto.es\/magis\/wp-json\/wp\/v2\/media?parent=5811"}],"wp:term":[{"taxonomy":"category","embeddable":true,"href":"https:\/\/blogs.deusto.es\/magis\/wp-json\/wp\/v2\/categories?post=5811"},{"taxonomy":"post_tag","embeddable":true,"href":"https:\/\/blogs.deusto.es\/magis\/wp-json\/wp\/v2\/tags?post=5811"}],"curies":[{"name":"wp","href":"https:\/\/api.w.org\/{rel}","templated":true}]}}