{"id":5818,"date":"2024-11-02T09:04:06","date_gmt":"2024-11-02T07:04:06","guid":{"rendered":"https:\/\/blogs.deusto.es\/magis\/?p=5818"},"modified":"2024-11-02T09:04:06","modified_gmt":"2024-11-02T07:04:06","slug":"senor-si-hubieras-estado-aqui","status":"publish","type":"post","link":"https:\/\/blogs.deusto.es\/magis\/senor-si-hubieras-estado-aqui\/","title":{"rendered":"Se\u00f1or, si hubieras estado aqu\u00ed\u2026"},"content":{"rendered":"\n<p><a href=\"https:\/\/www.misadecadadia.es\/read.html\">2 de noviembre.  S\u00e1bado de la XXX semana del tiempo ordinario<\/a>. Conmemoraci\u00f3n de todos los  fieles difuntos.<\/p>\n\n\n\n<p>En este d\u00eda especial, recordamos a nuestros difuntos y nos solidarizamos con las familias afectadas por las recientes inundaciones. La muerte es el l\u00edmite de la vida y por tanto nos ayuda a definirla, es decir a reconocer todo su valor.<\/p>\n\n\n\n<p>El di\u00e1logo entre Jes\u00fas y Marta nos muestra el rostro m\u00e1s humano del dolor ante la p\u00e9rdida. Cuando Marta dice \u00abSe\u00f1or, si hubieras estado aqu\u00ed\u2026\u00bb, \u00bfcu\u00e1ntos de nosotros no hemos expresado ese mismo sentimiento de desamparo ante la muerte de un ser querido?<\/p>\n\n\n\n<p>La fe en la resurrecci\u00f3n nos permite afrontar la vida con una esperanza distinta. . Que este d\u00eda nos sirva para fortalecer nuestra fe y para acompa\u00f1ar en la oraci\u00f3n a todas las v\u00edctimas de la DANA y a sus familias. Feliz s\u00e1bado.<\/p>\n\n\n\n<figure class=\"wp-block-image size-full\"><a href=\"https:\/\/blogs.deusto.es\/wp-content\/uploads\/sites\/26\/2024\/11\/image-1.png\"><img fetchpriority=\"high\" decoding=\"async\" width=\"658\" height=\"361\" src=\"https:\/\/blogs.deusto.es\/wp-content\/uploads\/sites\/26\/2024\/11\/image-1.png\" alt=\"\" class=\"wp-image-5819\" srcset=\"https:\/\/blogs.deusto.es\/wp-content\/uploads\/sites\/26\/2024\/11\/image-1.png 658w, https:\/\/blogs.deusto.es\/wp-content\/uploads\/sites\/26\/2024\/11\/image-1-300x165.png 300w\" sizes=\"(max-width: 658px) 100vw, 658px\" \/><\/a><\/figure>\n","protected":false},"excerpt":{"rendered":"<p>2 de noviembre. S\u00e1bado de la XXX semana del tiempo ordinario. Conmemoraci\u00f3n de todos los fieles difuntos. En este d\u00eda especial, recordamos a nuestros difuntos y nos solidarizamos con las familias afectadas por las recientes inundaciones. La muerte es el &hellip; <a href=\"https:\/\/blogs.deusto.es\/magis\/senor-si-hubieras-estado-aqui\/\">Sigue leyendo <span class=\"meta-nav\">&rarr;<\/span><\/a><\/p>\n","protected":false},"author":386,"featured_media":0,"comment_status":"open","ping_status":"open","sticky":false,"template":"","format":"standard","meta":{"footnotes":""},"categories":[1],"tags":[],"class_list":["post-5818","post","type-post","status-publish","format-standard","hentry","category-publicaciones-blog"],"_links":{"self":[{"href":"https:\/\/blogs.deusto.es\/magis\/wp-json\/wp\/v2\/posts\/5818","targetHints":{"allow":["GET"]}}],"collection":[{"href":"https:\/\/blogs.deusto.es\/magis\/wp-json\/wp\/v2\/posts"}],"about":[{"href":"https:\/\/blogs.deusto.es\/magis\/wp-json\/wp\/v2\/types\/post"}],"author":[{"embeddable":true,"href":"https:\/\/blogs.deusto.es\/magis\/wp-json\/wp\/v2\/users\/386"}],"replies":[{"embeddable":true,"href":"https:\/\/blogs.deusto.es\/magis\/wp-json\/wp\/v2\/comments?post=5818"}],"version-history":[{"count":1,"href":"https:\/\/blogs.deusto.es\/magis\/wp-json\/wp\/v2\/posts\/5818\/revisions"}],"predecessor-version":[{"id":5820,"href":"https:\/\/blogs.deusto.es\/magis\/wp-json\/wp\/v2\/posts\/5818\/revisions\/5820"}],"wp:attachment":[{"href":"https:\/\/blogs.deusto.es\/magis\/wp-json\/wp\/v2\/media?parent=5818"}],"wp:term":[{"taxonomy":"category","embeddable":true,"href":"https:\/\/blogs.deusto.es\/magis\/wp-json\/wp\/v2\/categories?post=5818"},{"taxonomy":"post_tag","embeddable":true,"href":"https:\/\/blogs.deusto.es\/magis\/wp-json\/wp\/v2\/tags?post=5818"}],"curies":[{"name":"wp","href":"https:\/\/api.w.org\/{rel}","templated":true}]}}