{"id":5821,"date":"2024-11-03T10:05:25","date_gmt":"2024-11-03T08:05:25","guid":{"rendered":"https:\/\/blogs.deusto.es\/magis\/?p=5821"},"modified":"2024-11-03T10:05:25","modified_gmt":"2024-11-03T08:05:25","slug":"amar-con-todo","status":"publish","type":"post","link":"https:\/\/blogs.deusto.es\/magis\/amar-con-todo\/","title":{"rendered":"Amar con todo"},"content":{"rendered":"\n<p><a href=\"https:\/\/bizkeliza.org\/evangelizacion\/liturgia\/evangelio-y-lecturas\/\">3 de noviembre.  Domingo de la XXXI semana del tiempo ordinario<\/a><\/p>\n\n\n\n<p>Nuestor modo de vida es bastante fragmentado. Vivimos todo como en partes, por un lado lo profesional, por otro lo personal, en otro \u00e1mbito lo espiritual, &#8230; Y as\u00ed resulta que nos vivimos en partes en vez de vivirnos unificadamente.<\/p>\n\n\n\n<p>La ley del amor nos invita a hacerlo con todo, todo el coraz\u00f3n, con todo el entendimiento y con todo el ser. Esto nos hace salir de nosotros mismos y encontrarnos con el pr\u00f3jimo con la toda la verdad que somos.<\/p>\n\n\n\n<p>Hoy nos podr\u00edamos preguntar c\u00f3mo amamos, a qui\u00e9n excluimos de nuestro amor, y c\u00f3mo podemos crecer en nuestra capacidad de amar m\u00e1s plenamente, tanto a Dios como a nuestro pr\u00f3jimo. Es una invitaci\u00f3n a vivirnos de manera integral. Feliz domingo.<\/p>\n\n\n\n<figure class=\"wp-block-image size-full\"><a href=\"https:\/\/blogs.deusto.es\/wp-content\/uploads\/sites\/26\/2024\/11\/image-2.png\"><img fetchpriority=\"high\" decoding=\"async\" width=\"809\" height=\"804\" src=\"https:\/\/blogs.deusto.es\/wp-content\/uploads\/sites\/26\/2024\/11\/image-2.png\" alt=\"\" class=\"wp-image-5822\" srcset=\"https:\/\/blogs.deusto.es\/wp-content\/uploads\/sites\/26\/2024\/11\/image-2.png 809w, https:\/\/blogs.deusto.es\/wp-content\/uploads\/sites\/26\/2024\/11\/image-2-300x298.png 300w, https:\/\/blogs.deusto.es\/wp-content\/uploads\/sites\/26\/2024\/11\/image-2-150x150.png 150w, https:\/\/blogs.deusto.es\/wp-content\/uploads\/sites\/26\/2024\/11\/image-2-768x763.png 768w\" sizes=\"(max-width: 809px) 100vw, 809px\" \/><\/a><\/figure>\n","protected":false},"excerpt":{"rendered":"<p>3 de noviembre. Domingo de la XXXI semana del tiempo ordinario Nuestor modo de vida es bastante fragmentado. Vivimos todo como en partes, por un lado lo profesional, por otro lo personal, en otro \u00e1mbito lo espiritual, &#8230; Y as\u00ed &hellip; <a href=\"https:\/\/blogs.deusto.es\/magis\/amar-con-todo\/\">Sigue leyendo <span class=\"meta-nav\">&rarr;<\/span><\/a><\/p>\n","protected":false},"author":386,"featured_media":0,"comment_status":"open","ping_status":"open","sticky":false,"template":"","format":"standard","meta":{"footnotes":""},"categories":[1],"tags":[],"class_list":["post-5821","post","type-post","status-publish","format-standard","hentry","category-publicaciones-blog"],"_links":{"self":[{"href":"https:\/\/blogs.deusto.es\/magis\/wp-json\/wp\/v2\/posts\/5821","targetHints":{"allow":["GET"]}}],"collection":[{"href":"https:\/\/blogs.deusto.es\/magis\/wp-json\/wp\/v2\/posts"}],"about":[{"href":"https:\/\/blogs.deusto.es\/magis\/wp-json\/wp\/v2\/types\/post"}],"author":[{"embeddable":true,"href":"https:\/\/blogs.deusto.es\/magis\/wp-json\/wp\/v2\/users\/386"}],"replies":[{"embeddable":true,"href":"https:\/\/blogs.deusto.es\/magis\/wp-json\/wp\/v2\/comments?post=5821"}],"version-history":[{"count":1,"href":"https:\/\/blogs.deusto.es\/magis\/wp-json\/wp\/v2\/posts\/5821\/revisions"}],"predecessor-version":[{"id":5823,"href":"https:\/\/blogs.deusto.es\/magis\/wp-json\/wp\/v2\/posts\/5821\/revisions\/5823"}],"wp:attachment":[{"href":"https:\/\/blogs.deusto.es\/magis\/wp-json\/wp\/v2\/media?parent=5821"}],"wp:term":[{"taxonomy":"category","embeddable":true,"href":"https:\/\/blogs.deusto.es\/magis\/wp-json\/wp\/v2\/categories?post=5821"},{"taxonomy":"post_tag","embeddable":true,"href":"https:\/\/blogs.deusto.es\/magis\/wp-json\/wp\/v2\/tags?post=5821"}],"curies":[{"name":"wp","href":"https:\/\/api.w.org\/{rel}","templated":true}]}}