{"id":5824,"date":"2024-11-04T07:40:25","date_gmt":"2024-11-04T05:40:25","guid":{"rendered":"https:\/\/blogs.deusto.es\/magis\/?p=5824"},"modified":"2024-11-04T07:40:25","modified_gmt":"2024-11-04T05:40:25","slug":"la-mesa-del-cambio","status":"publish","type":"post","link":"https:\/\/blogs.deusto.es\/magis\/la-mesa-del-cambio\/","title":{"rendered":"La mesa del cambio"},"content":{"rendered":"\n<p><a href=\"https:\/\/bizkeliza.org\/evangelizacion\/liturgia\/evangelio-y-lecturas\/\">4 de noviembre.  Lunes de la XXXI semana del tiempo ordinario<\/a><\/p>\n\n\n\n<p>Nuestras mesas cotidianas son mesas que  se comparten con los habituales. Salvo alg\u00fan momento especial solemos hacer lo de siempre y el espacio de la mesa se convierte en un lugar donde se mantienen las din\u00e1micas sociales.<\/p>\n\n\n\n<p>Jes\u00fas revoluciona la mirada de sus interlocutores. Jes\u00fas propone hacer una revoluci\u00f3n en las mesas, donde se represente el Reino. Un cambio que supone abrir nuestras mesas y nuestras vidas a aquellos que se excluyen: pobres, lisiados, cojos y ciegos.<\/p>\n\n\n\n<p>\u00bfEn qu\u00e9 medida estamos dispuestos a cambiar la composici\u00f3n de nuestras mesas y corazones? \u00bfEn qu\u00e9 medida estamos dispuestas a arriesgar algo de nuestra cotidianidad por otros para que esta soceidad vaya cambiando y se haga m\u00e1s inclusiva? Feliz lunes.<\/p>\n\n\n\n<figure class=\"wp-block-image size-full\"><a href=\"https:\/\/blogs.deusto.es\/wp-content\/uploads\/sites\/26\/2024\/11\/image-3.png\"><img fetchpriority=\"high\" decoding=\"async\" width=\"803\" height=\"803\" src=\"https:\/\/blogs.deusto.es\/wp-content\/uploads\/sites\/26\/2024\/11\/image-3.png\" alt=\"\" class=\"wp-image-5825\" srcset=\"https:\/\/blogs.deusto.es\/wp-content\/uploads\/sites\/26\/2024\/11\/image-3.png 803w, https:\/\/blogs.deusto.es\/wp-content\/uploads\/sites\/26\/2024\/11\/image-3-300x300.png 300w, https:\/\/blogs.deusto.es\/wp-content\/uploads\/sites\/26\/2024\/11\/image-3-150x150.png 150w, https:\/\/blogs.deusto.es\/wp-content\/uploads\/sites\/26\/2024\/11\/image-3-768x768.png 768w\" sizes=\"(max-width: 803px) 100vw, 803px\" \/><\/a><\/figure>\n","protected":false},"excerpt":{"rendered":"<p>4 de noviembre. Lunes de la XXXI semana del tiempo ordinario Nuestras mesas cotidianas son mesas que se comparten con los habituales. Salvo alg\u00fan momento especial solemos hacer lo de siempre y el espacio de la mesa se convierte en &hellip; <a href=\"https:\/\/blogs.deusto.es\/magis\/la-mesa-del-cambio\/\">Sigue leyendo <span class=\"meta-nav\">&rarr;<\/span><\/a><\/p>\n","protected":false},"author":386,"featured_media":0,"comment_status":"open","ping_status":"open","sticky":false,"template":"","format":"standard","meta":{"footnotes":""},"categories":[1],"tags":[],"class_list":["post-5824","post","type-post","status-publish","format-standard","hentry","category-publicaciones-blog"],"_links":{"self":[{"href":"https:\/\/blogs.deusto.es\/magis\/wp-json\/wp\/v2\/posts\/5824","targetHints":{"allow":["GET"]}}],"collection":[{"href":"https:\/\/blogs.deusto.es\/magis\/wp-json\/wp\/v2\/posts"}],"about":[{"href":"https:\/\/blogs.deusto.es\/magis\/wp-json\/wp\/v2\/types\/post"}],"author":[{"embeddable":true,"href":"https:\/\/blogs.deusto.es\/magis\/wp-json\/wp\/v2\/users\/386"}],"replies":[{"embeddable":true,"href":"https:\/\/blogs.deusto.es\/magis\/wp-json\/wp\/v2\/comments?post=5824"}],"version-history":[{"count":1,"href":"https:\/\/blogs.deusto.es\/magis\/wp-json\/wp\/v2\/posts\/5824\/revisions"}],"predecessor-version":[{"id":5826,"href":"https:\/\/blogs.deusto.es\/magis\/wp-json\/wp\/v2\/posts\/5824\/revisions\/5826"}],"wp:attachment":[{"href":"https:\/\/blogs.deusto.es\/magis\/wp-json\/wp\/v2\/media?parent=5824"}],"wp:term":[{"taxonomy":"category","embeddable":true,"href":"https:\/\/blogs.deusto.es\/magis\/wp-json\/wp\/v2\/categories?post=5824"},{"taxonomy":"post_tag","embeddable":true,"href":"https:\/\/blogs.deusto.es\/magis\/wp-json\/wp\/v2\/tags?post=5824"}],"curies":[{"name":"wp","href":"https:\/\/api.w.org\/{rel}","templated":true}]}}