{"id":5827,"date":"2024-11-05T09:49:20","date_gmt":"2024-11-05T07:49:20","guid":{"rendered":"https:\/\/blogs.deusto.es\/magis\/?p=5827"},"modified":"2024-11-05T09:49:20","modified_gmt":"2024-11-05T07:49:20","slug":"excusas","status":"publish","type":"post","link":"https:\/\/blogs.deusto.es\/magis\/excusas\/","title":{"rendered":"Excusas"},"content":{"rendered":"\n<p><a href=\"https:\/\/bizkeliza.org\/evangelizacion\/liturgia\/evangelio-y-lecturas\/\">5 de noviembre.  Martes  de la XXXI semana del tiempo ordinario<\/a><\/p>\n\n\n\n<p>Si nos fijamos nuestros d\u00edas se llenan de excusas. Excusas por no estar con alguien, excusas por no haber hecho algo, excusas por&#8230; Es itneresante fijarnos en las razones que damos al excusarnos y me temo que muchas de las veces es que no tengo tiempo.<\/p>\n\n\n\n<p>Los invitados ponen distintas excusas para el banquete y muestras as\u00ed su indiferencia. As\u00ed el Evangelio nos dice que se invite a a los pobres, a los lisiados, a los ciegos y a los cojos; es decir a los vulnerables. Son ellos los que se convierten en los realmente invitados a la fiesta.<\/p>\n\n\n\n<p>Hoy podr\u00edamos mirar qu\u00e9 tal va nuestra vida de excusas; se trata de reconocer en qu\u00e9 medida priorizamos unas cosas y no otras. Desde ah\u00ed podr\u00edamos dar una vuelta a nuestro \u00e1rbol de prioridades y descubrir qui\u00e9nes est\u00e1n ah\u00ed. Feliz martes.<\/p>\n\n\n\n<p>Hoy es la fiesta de todos los santos y beatos de la Compa\u00f1ia de Jes\u00fas. Damos gracias por su vida y les pedimos que nos sigan inspirando en nuestro caminar. Aprovechamos tambi\u00e9n la ocasi\u00f3n para pedir vocaciones a la Compa\u00f1\u00eda de Jes\u00fas, y que los llamados no pongan excusas, es decir que no sean sordos a su llamada. Zorionak guztioi.<\/p>\n\n\n\n<figure class=\"wp-block-image size-full\"><a href=\"https:\/\/blogs.deusto.es\/wp-content\/uploads\/sites\/26\/2024\/11\/image-4.png\"><img fetchpriority=\"high\" decoding=\"async\" width=\"379\" height=\"382\" src=\"https:\/\/blogs.deusto.es\/wp-content\/uploads\/sites\/26\/2024\/11\/image-4.png\" alt=\"\" class=\"wp-image-5828\" srcset=\"https:\/\/blogs.deusto.es\/wp-content\/uploads\/sites\/26\/2024\/11\/image-4.png 379w, https:\/\/blogs.deusto.es\/wp-content\/uploads\/sites\/26\/2024\/11\/image-4-298x300.png 298w, https:\/\/blogs.deusto.es\/wp-content\/uploads\/sites\/26\/2024\/11\/image-4-150x150.png 150w\" sizes=\"(max-width: 379px) 100vw, 379px\" \/><\/a><\/figure>\n","protected":false},"excerpt":{"rendered":"<p>5 de noviembre. Martes de la XXXI semana del tiempo ordinario Si nos fijamos nuestros d\u00edas se llenan de excusas. Excusas por no estar con alguien, excusas por no haber hecho algo, excusas por&#8230; Es itneresante fijarnos en las razones &hellip; <a href=\"https:\/\/blogs.deusto.es\/magis\/excusas\/\">Sigue leyendo <span class=\"meta-nav\">&rarr;<\/span><\/a><\/p>\n","protected":false},"author":386,"featured_media":0,"comment_status":"open","ping_status":"open","sticky":false,"template":"","format":"standard","meta":{"footnotes":""},"categories":[1],"tags":[],"class_list":["post-5827","post","type-post","status-publish","format-standard","hentry","category-publicaciones-blog"],"_links":{"self":[{"href":"https:\/\/blogs.deusto.es\/magis\/wp-json\/wp\/v2\/posts\/5827","targetHints":{"allow":["GET"]}}],"collection":[{"href":"https:\/\/blogs.deusto.es\/magis\/wp-json\/wp\/v2\/posts"}],"about":[{"href":"https:\/\/blogs.deusto.es\/magis\/wp-json\/wp\/v2\/types\/post"}],"author":[{"embeddable":true,"href":"https:\/\/blogs.deusto.es\/magis\/wp-json\/wp\/v2\/users\/386"}],"replies":[{"embeddable":true,"href":"https:\/\/blogs.deusto.es\/magis\/wp-json\/wp\/v2\/comments?post=5827"}],"version-history":[{"count":1,"href":"https:\/\/blogs.deusto.es\/magis\/wp-json\/wp\/v2\/posts\/5827\/revisions"}],"predecessor-version":[{"id":5829,"href":"https:\/\/blogs.deusto.es\/magis\/wp-json\/wp\/v2\/posts\/5827\/revisions\/5829"}],"wp:attachment":[{"href":"https:\/\/blogs.deusto.es\/magis\/wp-json\/wp\/v2\/media?parent=5827"}],"wp:term":[{"taxonomy":"category","embeddable":true,"href":"https:\/\/blogs.deusto.es\/magis\/wp-json\/wp\/v2\/categories?post=5827"},{"taxonomy":"post_tag","embeddable":true,"href":"https:\/\/blogs.deusto.es\/magis\/wp-json\/wp\/v2\/tags?post=5827"}],"curies":[{"name":"wp","href":"https:\/\/api.w.org\/{rel}","templated":true}]}}