{"id":5833,"date":"2024-11-07T09:19:07","date_gmt":"2024-11-07T07:19:07","guid":{"rendered":"https:\/\/blogs.deusto.es\/magis\/?p=5833"},"modified":"2024-11-07T09:19:07","modified_gmt":"2024-11-07T07:19:07","slug":"de-torres-y-batallas","status":"publish","type":"post","link":"https:\/\/blogs.deusto.es\/magis\/de-torres-y-batallas\/","title":{"rendered":"De torres y batallas"},"content":{"rendered":"\n<p><a href=\"https:\/\/bizkeliza.org\/evangelizacion\/liturgia\/evangelio-y-lecturas\/\">7 de noviembre.  Jueves de la XXXI semana del tiempo ordinario<\/a><\/p>\n\n\n\n<p>Toda la vida estamos batallando contra unas cosas y otras. El asunto es si las guerras de nuestra vida son guerras que merezcan la pena y si la merecen necesitemos proyectar medios como torres.<\/p>\n\n\n\n<p>La invitaci\u00f3n de Jes\u00fas es parad\u00f3jica: solo en la renuncia encontramos la verdadera libertad, solo en la entrega total hallamos la plenitud de la vida. Se trata de vivir desde una perspectiva nueva, con Dios como centro y fundamento de todo lo dem\u00e1s.<\/p>\n\n\n\n<p>Necesitamos saber en qu\u00e9 guerras vitales estamos inmersos, aquellas que nosotros buscamos o aquellas en las que otros nos han metido. Y para ello necesitamos discernir, necesitamos dedicar tiempo a reconocer lo aut\u00e9nticamente importante en nuestra vida. Feliz jueves.<\/p>\n\n\n\n<figure class=\"wp-block-image size-full\"><a href=\"https:\/\/blogs.deusto.es\/wp-content\/uploads\/sites\/26\/2024\/11\/image-6.png\"><img fetchpriority=\"high\" decoding=\"async\" width=\"791\" height=\"786\" src=\"https:\/\/blogs.deusto.es\/wp-content\/uploads\/sites\/26\/2024\/11\/image-6.png\" alt=\"\" class=\"wp-image-5834\" srcset=\"https:\/\/blogs.deusto.es\/wp-content\/uploads\/sites\/26\/2024\/11\/image-6.png 791w, https:\/\/blogs.deusto.es\/wp-content\/uploads\/sites\/26\/2024\/11\/image-6-300x298.png 300w, https:\/\/blogs.deusto.es\/wp-content\/uploads\/sites\/26\/2024\/11\/image-6-150x150.png 150w, https:\/\/blogs.deusto.es\/wp-content\/uploads\/sites\/26\/2024\/11\/image-6-768x763.png 768w\" sizes=\"(max-width: 791px) 100vw, 791px\" \/><\/a><\/figure>\n","protected":false},"excerpt":{"rendered":"<p>7 de noviembre. Jueves de la XXXI semana del tiempo ordinario Toda la vida estamos batallando contra unas cosas y otras. El asunto es si las guerras de nuestra vida son guerras que merezcan la pena y si la merecen &hellip; <a href=\"https:\/\/blogs.deusto.es\/magis\/de-torres-y-batallas\/\">Sigue leyendo <span class=\"meta-nav\">&rarr;<\/span><\/a><\/p>\n","protected":false},"author":386,"featured_media":0,"comment_status":"open","ping_status":"open","sticky":false,"template":"","format":"standard","meta":{"footnotes":""},"categories":[1],"tags":[],"class_list":["post-5833","post","type-post","status-publish","format-standard","hentry","category-publicaciones-blog"],"_links":{"self":[{"href":"https:\/\/blogs.deusto.es\/magis\/wp-json\/wp\/v2\/posts\/5833","targetHints":{"allow":["GET"]}}],"collection":[{"href":"https:\/\/blogs.deusto.es\/magis\/wp-json\/wp\/v2\/posts"}],"about":[{"href":"https:\/\/blogs.deusto.es\/magis\/wp-json\/wp\/v2\/types\/post"}],"author":[{"embeddable":true,"href":"https:\/\/blogs.deusto.es\/magis\/wp-json\/wp\/v2\/users\/386"}],"replies":[{"embeddable":true,"href":"https:\/\/blogs.deusto.es\/magis\/wp-json\/wp\/v2\/comments?post=5833"}],"version-history":[{"count":1,"href":"https:\/\/blogs.deusto.es\/magis\/wp-json\/wp\/v2\/posts\/5833\/revisions"}],"predecessor-version":[{"id":5835,"href":"https:\/\/blogs.deusto.es\/magis\/wp-json\/wp\/v2\/posts\/5833\/revisions\/5835"}],"wp:attachment":[{"href":"https:\/\/blogs.deusto.es\/magis\/wp-json\/wp\/v2\/media?parent=5833"}],"wp:term":[{"taxonomy":"category","embeddable":true,"href":"https:\/\/blogs.deusto.es\/magis\/wp-json\/wp\/v2\/categories?post=5833"},{"taxonomy":"post_tag","embeddable":true,"href":"https:\/\/blogs.deusto.es\/magis\/wp-json\/wp\/v2\/tags?post=5833"}],"curies":[{"name":"wp","href":"https:\/\/api.w.org\/{rel}","templated":true}]}}