{"id":5839,"date":"2024-11-09T08:39:27","date_gmt":"2024-11-09T06:39:27","guid":{"rendered":"https:\/\/blogs.deusto.es\/magis\/?p=5839"},"modified":"2024-11-09T08:39:27","modified_gmt":"2024-11-09T06:39:27","slug":"madres-2","status":"publish","type":"post","link":"https:\/\/blogs.deusto.es\/magis\/madres-2\/","title":{"rendered":"Madres"},"content":{"rendered":"\n<p><a href=\"https:\/\/www.misadecadadia.es\/read.html\">9 de noviembre.  S\u00e1bado de la XXXI semana del tiempo ordinario<\/a><\/p>\n\n\n\n<p>En M\u00e9xico tuve noticia de las ptaronas, un grupo de madres que se organizaron para ayudar a los migrantes en tr\u00e1nsito. Ellas alimentaban y humanizaban el paso de tantos hijos de otras madres. En un mundo despiadado con los crucificados las madres nos recuerdan lo importante.<\/p>\n\n\n\n<p>En esta escena del Evangelio de Juan,Mar\u00eda, al pie de la cruz, nos muestra la esencia misma de lo que significa ser madre: estar presente, acompa\u00f1ar, permanecer firme incluso en los momentos m\u00e1s desgarradores.<\/p>\n\n\n\n<p>Hoy, podr\u00edamos  recordar a todas las madres que, como Mar\u00eda, permanecen firmes en su amor y cuidado, transformando el dolor en entrega y el sufrimiento en amor expansivo. Es un modo de acordarnos tambi\u00e9n de nuestras madres. Feliz s\u00e1bado.<\/p>\n\n\n\n<figure class=\"wp-block-image size-large\"><a href=\"https:\/\/blogs.deusto.es\/wp-content\/uploads\/sites\/26\/2024\/11\/image-8.png\"><img fetchpriority=\"high\" decoding=\"async\" width=\"1024\" height=\"571\" src=\"https:\/\/blogs.deusto.es\/wp-content\/uploads\/sites\/26\/2024\/11\/image-8-1024x571.png\" alt=\"\" class=\"wp-image-5840\" srcset=\"https:\/\/blogs.deusto.es\/wp-content\/uploads\/sites\/26\/2024\/11\/image-8-1024x571.png 1024w, https:\/\/blogs.deusto.es\/wp-content\/uploads\/sites\/26\/2024\/11\/image-8-300x167.png 300w, https:\/\/blogs.deusto.es\/wp-content\/uploads\/sites\/26\/2024\/11\/image-8-768x428.png 768w, https:\/\/blogs.deusto.es\/wp-content\/uploads\/sites\/26\/2024\/11\/image-8.png 1200w\" sizes=\"(max-width: 1024px) 100vw, 1024px\" \/><\/a><\/figure>\n","protected":false},"excerpt":{"rendered":"<p>9 de noviembre. S\u00e1bado de la XXXI semana del tiempo ordinario En M\u00e9xico tuve noticia de las ptaronas, un grupo de madres que se organizaron para ayudar a los migrantes en tr\u00e1nsito. Ellas alimentaban y humanizaban el paso de tantos &hellip; <a href=\"https:\/\/blogs.deusto.es\/magis\/madres-2\/\">Sigue leyendo <span class=\"meta-nav\">&rarr;<\/span><\/a><\/p>\n","protected":false},"author":386,"featured_media":0,"comment_status":"open","ping_status":"open","sticky":false,"template":"","format":"standard","meta":{"footnotes":""},"categories":[1],"tags":[],"class_list":["post-5839","post","type-post","status-publish","format-standard","hentry","category-publicaciones-blog"],"_links":{"self":[{"href":"https:\/\/blogs.deusto.es\/magis\/wp-json\/wp\/v2\/posts\/5839","targetHints":{"allow":["GET"]}}],"collection":[{"href":"https:\/\/blogs.deusto.es\/magis\/wp-json\/wp\/v2\/posts"}],"about":[{"href":"https:\/\/blogs.deusto.es\/magis\/wp-json\/wp\/v2\/types\/post"}],"author":[{"embeddable":true,"href":"https:\/\/blogs.deusto.es\/magis\/wp-json\/wp\/v2\/users\/386"}],"replies":[{"embeddable":true,"href":"https:\/\/blogs.deusto.es\/magis\/wp-json\/wp\/v2\/comments?post=5839"}],"version-history":[{"count":1,"href":"https:\/\/blogs.deusto.es\/magis\/wp-json\/wp\/v2\/posts\/5839\/revisions"}],"predecessor-version":[{"id":5841,"href":"https:\/\/blogs.deusto.es\/magis\/wp-json\/wp\/v2\/posts\/5839\/revisions\/5841"}],"wp:attachment":[{"href":"https:\/\/blogs.deusto.es\/magis\/wp-json\/wp\/v2\/media?parent=5839"}],"wp:term":[{"taxonomy":"category","embeddable":true,"href":"https:\/\/blogs.deusto.es\/magis\/wp-json\/wp\/v2\/categories?post=5839"},{"taxonomy":"post_tag","embeddable":true,"href":"https:\/\/blogs.deusto.es\/magis\/wp-json\/wp\/v2\/tags?post=5839"}],"curies":[{"name":"wp","href":"https:\/\/api.w.org\/{rel}","templated":true}]}}