{"id":5846,"date":"2024-11-11T07:37:55","date_gmt":"2024-11-11T05:37:55","guid":{"rendered":"https:\/\/blogs.deusto.es\/magis\/?p=5846"},"modified":"2024-11-11T07:37:55","modified_gmt":"2024-11-11T05:37:55","slug":"aumentanos-la-fe-4","status":"publish","type":"post","link":"https:\/\/blogs.deusto.es\/magis\/aumentanos-la-fe-4\/","title":{"rendered":"Aum\u00e9ntanos la fe"},"content":{"rendered":"\n<p><a href=\"https:\/\/www.misadecadadia.es\/read.html\">11 de noviembre.  Lunes de la XXXII semana del tiempo ordinario<\/a><\/p>\n\n\n\n<p>En nuestra sociedad actual, donde las redes sociales amplifican los esc\u00e1ndalos y las ofensas se viralizan en cuesti\u00f3n de minutos. La velocidad con la que juzgamos y condenamos contrasta con la lentitud para perdonar y reconciliarnos.<\/p>\n\n\n\n<p>El mensaje central del Evangelio nos invita a cultivar dos virtudes fundamentales para la convivencia: la responsabilidad en nuestras acciones, especialmente cuando pueden afectar a los m\u00e1s vulnerables, y la capacidad infinita de perdonar a quienes nos ofenden, sin llevar cuentas del mal.<\/p>\n\n\n\n<p>Hoy podr\u00edamos hacer como los disc\u00edpulos, pedir aumentar la fe. Se trata de una fe que nos ayude a creer en el ser humano, a creer que la reconciliaci\u00f3n es posible en nuestra vida, a creer que Dios tiene que ver algo con nosotros. Feliz lunes.<\/p>\n\n\n\n<figure class=\"wp-block-image size-full\"><a href=\"https:\/\/blogs.deusto.es\/wp-content\/uploads\/sites\/26\/2024\/11\/image-10.png\"><img fetchpriority=\"high\" decoding=\"async\" width=\"338\" height=\"346\" src=\"https:\/\/blogs.deusto.es\/wp-content\/uploads\/sites\/26\/2024\/11\/image-10.png\" alt=\"\" class=\"wp-image-5847\" srcset=\"https:\/\/blogs.deusto.es\/wp-content\/uploads\/sites\/26\/2024\/11\/image-10.png 338w, https:\/\/blogs.deusto.es\/wp-content\/uploads\/sites\/26\/2024\/11\/image-10-293x300.png 293w\" sizes=\"(max-width: 338px) 100vw, 338px\" \/><\/a><\/figure>\n","protected":false},"excerpt":{"rendered":"<p>11 de noviembre. Lunes de la XXXII semana del tiempo ordinario En nuestra sociedad actual, donde las redes sociales amplifican los esc\u00e1ndalos y las ofensas se viralizan en cuesti\u00f3n de minutos. La velocidad con la que juzgamos y condenamos contrasta &hellip; <a href=\"https:\/\/blogs.deusto.es\/magis\/aumentanos-la-fe-4\/\">Sigue leyendo <span class=\"meta-nav\">&rarr;<\/span><\/a><\/p>\n","protected":false},"author":386,"featured_media":0,"comment_status":"open","ping_status":"open","sticky":false,"template":"","format":"standard","meta":{"footnotes":""},"categories":[1],"tags":[],"class_list":["post-5846","post","type-post","status-publish","format-standard","hentry","category-publicaciones-blog"],"_links":{"self":[{"href":"https:\/\/blogs.deusto.es\/magis\/wp-json\/wp\/v2\/posts\/5846","targetHints":{"allow":["GET"]}}],"collection":[{"href":"https:\/\/blogs.deusto.es\/magis\/wp-json\/wp\/v2\/posts"}],"about":[{"href":"https:\/\/blogs.deusto.es\/magis\/wp-json\/wp\/v2\/types\/post"}],"author":[{"embeddable":true,"href":"https:\/\/blogs.deusto.es\/magis\/wp-json\/wp\/v2\/users\/386"}],"replies":[{"embeddable":true,"href":"https:\/\/blogs.deusto.es\/magis\/wp-json\/wp\/v2\/comments?post=5846"}],"version-history":[{"count":1,"href":"https:\/\/blogs.deusto.es\/magis\/wp-json\/wp\/v2\/posts\/5846\/revisions"}],"predecessor-version":[{"id":5848,"href":"https:\/\/blogs.deusto.es\/magis\/wp-json\/wp\/v2\/posts\/5846\/revisions\/5848"}],"wp:attachment":[{"href":"https:\/\/blogs.deusto.es\/magis\/wp-json\/wp\/v2\/media?parent=5846"}],"wp:term":[{"taxonomy":"category","embeddable":true,"href":"https:\/\/blogs.deusto.es\/magis\/wp-json\/wp\/v2\/categories?post=5846"},{"taxonomy":"post_tag","embeddable":true,"href":"https:\/\/blogs.deusto.es\/magis\/wp-json\/wp\/v2\/tags?post=5846"}],"curies":[{"name":"wp","href":"https:\/\/api.w.org\/{rel}","templated":true}]}}