{"id":5849,"date":"2024-11-12T07:33:32","date_gmt":"2024-11-12T05:33:32","guid":{"rendered":"https:\/\/blogs.deusto.es\/magis\/?p=5849"},"modified":"2024-11-12T07:33:32","modified_gmt":"2024-11-12T05:33:32","slug":"la-alegria-del-servicio","status":"publish","type":"post","link":"https:\/\/blogs.deusto.es\/magis\/la-alegria-del-servicio\/","title":{"rendered":"La alegr\u00eda del servicio"},"content":{"rendered":"\n<p><a href=\"https:\/\/www.misadecadadia.es\/read.html\">12 de noviembre.  Martes de la XXXII semana del tiempo ordinario<\/a><\/p>\n\n\n\n<p>En un mundo donde el reconocimiento y la validaci\u00f3n en redes sociales se han convertido en una obsesi\u00f3n. Como hemos podido ver en la ayuda  a Valencia  hab\u00eda personas que en su ayuda necesitaban una recompensa inmediata, frente a aquellos que han ayudado desinteresadamente.<\/p>\n\n\n\n<p>Este pasaje nos invita a reflexionar sobre la verdadera naturaleza del servicio y la humildad evang\u00e9lica. Cumplir con nuestro deber no es motivo de gloria extraordinaria sino parte de nuestra responsabilidad como seres humanos y, para los creyentes, como hijos de Dios.<\/p>\n\n\n\n<p>Hoy podr\u00edamos pensar en la alegr\u00eda de ser \u00absiervos in\u00fatiles\u00bb. Es la alegr\u00eda que nos da la libertad frene al que dir\u00e1n y la alegr\u00eda de hacer lo que nos toca. Feliz martes.<\/p>\n\n\n\n<figure class=\"wp-block-image size-full\"><a href=\"https:\/\/blogs.deusto.es\/wp-content\/uploads\/sites\/26\/2024\/11\/image-12.png\"><img fetchpriority=\"high\" decoding=\"async\" width=\"736\" height=\"453\" src=\"https:\/\/blogs.deusto.es\/wp-content\/uploads\/sites\/26\/2024\/11\/image-12.png\" alt=\"\" class=\"wp-image-5851\" srcset=\"https:\/\/blogs.deusto.es\/wp-content\/uploads\/sites\/26\/2024\/11\/image-12.png 736w, https:\/\/blogs.deusto.es\/wp-content\/uploads\/sites\/26\/2024\/11\/image-12-300x185.png 300w\" sizes=\"(max-width: 736px) 100vw, 736px\" \/><\/a><\/figure>\n","protected":false},"excerpt":{"rendered":"<p>12 de noviembre. Martes de la XXXII semana del tiempo ordinario En un mundo donde el reconocimiento y la validaci\u00f3n en redes sociales se han convertido en una obsesi\u00f3n. Como hemos podido ver en la ayuda a Valencia hab\u00eda personas &hellip; <a href=\"https:\/\/blogs.deusto.es\/magis\/la-alegria-del-servicio\/\">Sigue leyendo <span class=\"meta-nav\">&rarr;<\/span><\/a><\/p>\n","protected":false},"author":386,"featured_media":0,"comment_status":"open","ping_status":"open","sticky":false,"template":"","format":"standard","meta":{"footnotes":""},"categories":[1],"tags":[],"class_list":["post-5849","post","type-post","status-publish","format-standard","hentry","category-publicaciones-blog"],"_links":{"self":[{"href":"https:\/\/blogs.deusto.es\/magis\/wp-json\/wp\/v2\/posts\/5849","targetHints":{"allow":["GET"]}}],"collection":[{"href":"https:\/\/blogs.deusto.es\/magis\/wp-json\/wp\/v2\/posts"}],"about":[{"href":"https:\/\/blogs.deusto.es\/magis\/wp-json\/wp\/v2\/types\/post"}],"author":[{"embeddable":true,"href":"https:\/\/blogs.deusto.es\/magis\/wp-json\/wp\/v2\/users\/386"}],"replies":[{"embeddable":true,"href":"https:\/\/blogs.deusto.es\/magis\/wp-json\/wp\/v2\/comments?post=5849"}],"version-history":[{"count":1,"href":"https:\/\/blogs.deusto.es\/magis\/wp-json\/wp\/v2\/posts\/5849\/revisions"}],"predecessor-version":[{"id":5852,"href":"https:\/\/blogs.deusto.es\/magis\/wp-json\/wp\/v2\/posts\/5849\/revisions\/5852"}],"wp:attachment":[{"href":"https:\/\/blogs.deusto.es\/magis\/wp-json\/wp\/v2\/media?parent=5849"}],"wp:term":[{"taxonomy":"category","embeddable":true,"href":"https:\/\/blogs.deusto.es\/magis\/wp-json\/wp\/v2\/categories?post=5849"},{"taxonomy":"post_tag","embeddable":true,"href":"https:\/\/blogs.deusto.es\/magis\/wp-json\/wp\/v2\/tags?post=5849"}],"curies":[{"name":"wp","href":"https:\/\/api.w.org\/{rel}","templated":true}]}}