{"id":5853,"date":"2024-11-13T09:14:01","date_gmt":"2024-11-13T07:14:01","guid":{"rendered":"https:\/\/blogs.deusto.es\/magis\/?p=5853"},"modified":"2024-11-13T09:14:01","modified_gmt":"2024-11-13T07:14:01","slug":"agradecimiento","status":"publish","type":"post","link":"https:\/\/blogs.deusto.es\/magis\/agradecimiento\/","title":{"rendered":"Agradecimiento"},"content":{"rendered":"\n<p><a href=\"https:\/\/www.misadecadadia.es\/read.html\">13 de noviembre.  Mi\u00e9rcoles de la XXXII semana del tiempo ordinario<\/a><\/p>\n\n\n\n<p>Vivimos en un mundo donde la inmediatez de las redes sociales y la velocidad de la vida moderna nos hacen olvidar frecuentemente el valor del agradecimiento. En el proceso de individualizaci\u00f3n se nos olvida que dependemos mucho y para muchas cosas de los dem\u00e1s.<\/p>\n\n\n\n<p>La historia nos presenta una lecci\u00f3n fundamental sobre la gratitud y el reconocimiento, donde solo uno de los diez leprosos regresa a dar gracias. Este \u00fanico hombre, adem\u00e1s, era samaritano, considerado un extranjero y marginado por la sociedad de su tiempo. <\/p>\n\n\n\n<p>Hpy podr\u00edamos pensar nuestros d\u00edas como bendici\u00f3n, y de estas bendiciones \u00bfcu\u00e1ntas veces me detengo a agradecer?  El agradecimiento es algo que fortalece nuestros v\u00ednculos y encontramos todo un camino a seguir. Feliz mi\u00e9rcoles.<\/p>\n\n\n\n<figure class=\"wp-block-image size-full\"><a href=\"https:\/\/blogs.deusto.es\/wp-content\/uploads\/sites\/26\/2024\/11\/image-13.png\"><img fetchpriority=\"high\" decoding=\"async\" width=\"964\" height=\"700\" src=\"https:\/\/blogs.deusto.es\/wp-content\/uploads\/sites\/26\/2024\/11\/image-13.png\" alt=\"\" class=\"wp-image-5854\" srcset=\"https:\/\/blogs.deusto.es\/wp-content\/uploads\/sites\/26\/2024\/11\/image-13.png 964w, https:\/\/blogs.deusto.es\/wp-content\/uploads\/sites\/26\/2024\/11\/image-13-300x218.png 300w, https:\/\/blogs.deusto.es\/wp-content\/uploads\/sites\/26\/2024\/11\/image-13-768x558.png 768w\" sizes=\"(max-width: 964px) 100vw, 964px\" \/><\/a><\/figure>\n","protected":false},"excerpt":{"rendered":"<p>13 de noviembre. Mi\u00e9rcoles de la XXXII semana del tiempo ordinario Vivimos en un mundo donde la inmediatez de las redes sociales y la velocidad de la vida moderna nos hacen olvidar frecuentemente el valor del agradecimiento. En el proceso &hellip; <a href=\"https:\/\/blogs.deusto.es\/magis\/agradecimiento\/\">Sigue leyendo <span class=\"meta-nav\">&rarr;<\/span><\/a><\/p>\n","protected":false},"author":386,"featured_media":0,"comment_status":"open","ping_status":"open","sticky":false,"template":"","format":"standard","meta":{"footnotes":""},"categories":[1],"tags":[],"class_list":["post-5853","post","type-post","status-publish","format-standard","hentry","category-publicaciones-blog"],"_links":{"self":[{"href":"https:\/\/blogs.deusto.es\/magis\/wp-json\/wp\/v2\/posts\/5853","targetHints":{"allow":["GET"]}}],"collection":[{"href":"https:\/\/blogs.deusto.es\/magis\/wp-json\/wp\/v2\/posts"}],"about":[{"href":"https:\/\/blogs.deusto.es\/magis\/wp-json\/wp\/v2\/types\/post"}],"author":[{"embeddable":true,"href":"https:\/\/blogs.deusto.es\/magis\/wp-json\/wp\/v2\/users\/386"}],"replies":[{"embeddable":true,"href":"https:\/\/blogs.deusto.es\/magis\/wp-json\/wp\/v2\/comments?post=5853"}],"version-history":[{"count":1,"href":"https:\/\/blogs.deusto.es\/magis\/wp-json\/wp\/v2\/posts\/5853\/revisions"}],"predecessor-version":[{"id":5855,"href":"https:\/\/blogs.deusto.es\/magis\/wp-json\/wp\/v2\/posts\/5853\/revisions\/5855"}],"wp:attachment":[{"href":"https:\/\/blogs.deusto.es\/magis\/wp-json\/wp\/v2\/media?parent=5853"}],"wp:term":[{"taxonomy":"category","embeddable":true,"href":"https:\/\/blogs.deusto.es\/magis\/wp-json\/wp\/v2\/categories?post=5853"},{"taxonomy":"post_tag","embeddable":true,"href":"https:\/\/blogs.deusto.es\/magis\/wp-json\/wp\/v2\/tags?post=5853"}],"curies":[{"name":"wp","href":"https:\/\/api.w.org\/{rel}","templated":true}]}}