{"id":5856,"date":"2024-11-15T07:24:34","date_gmt":"2024-11-15T05:24:34","guid":{"rendered":"https:\/\/blogs.deusto.es\/magis\/?p=5856"},"modified":"2024-11-15T07:24:34","modified_gmt":"2024-11-15T05:24:34","slug":"lo-que-realmente-importa","status":"publish","type":"post","link":"https:\/\/blogs.deusto.es\/magis\/lo-que-realmente-importa\/","title":{"rendered":"Lo que realmente importa"},"content":{"rendered":"\n<p><a href=\"https:\/\/www.misadecadadia.es\/read.html\">15 de noviembre.  Viernes de la XXXII semana del tiempo ordinario<\/a><\/p>\n\n\n\n<p>Vivimos unos tiempos inmersos en una vor\u00e1gine de actividades y distracciones constantes,<br>donde el consumismo y la inmediatez marcan el ritmo fren\u00e9tico de nuestras vidas. As\u00ed nos dejamos llevar por las rutinas y las preocupaciones cotidianas que nos distraen de lo importante.<\/p>\n\n\n\n<p>Hoy se nos invitgaa a mantener una conciencia despierta y un coraz\u00f3n atento a lo verdaderamente importante, sin dejarnos arrastrar por lo superficial o lo material,<br>record\u00e1ndonos que debemos estar preparados para los momentos cruciales de nuestra existencia.<\/p>\n\n\n\n<p>Hechos como los de la DANA de Valencia deber\u00edan invitarnos a plantarnos m\u00e1s all\u00e1 de vida ajetreada  y reflexionar sobre ki realmente importante. Se trata de discernir en el d\u00eda a d\u00eda<br>y recordar que cada d\u00eda es una oportunidad para acercarnos a lo que realmente importa. Feliz viernes.<\/p>\n\n\n\n<figure class=\"wp-block-image size-full\"><a href=\"https:\/\/blogs.deusto.es\/wp-content\/uploads\/sites\/26\/2024\/11\/image-14.png\"><img fetchpriority=\"high\" decoding=\"async\" width=\"600\" height=\"400\" src=\"https:\/\/blogs.deusto.es\/wp-content\/uploads\/sites\/26\/2024\/11\/image-14.png\" alt=\"\" class=\"wp-image-5857\" srcset=\"https:\/\/blogs.deusto.es\/wp-content\/uploads\/sites\/26\/2024\/11\/image-14.png 600w, https:\/\/blogs.deusto.es\/wp-content\/uploads\/sites\/26\/2024\/11\/image-14-300x200.png 300w\" sizes=\"(max-width: 600px) 100vw, 600px\" \/><\/a><\/figure>\n","protected":false},"excerpt":{"rendered":"<p>15 de noviembre. Viernes de la XXXII semana del tiempo ordinario Vivimos unos tiempos inmersos en una vor\u00e1gine de actividades y distracciones constantes,donde el consumismo y la inmediatez marcan el ritmo fren\u00e9tico de nuestras vidas. As\u00ed nos dejamos llevar por &hellip; <a href=\"https:\/\/blogs.deusto.es\/magis\/lo-que-realmente-importa\/\">Sigue leyendo <span class=\"meta-nav\">&rarr;<\/span><\/a><\/p>\n","protected":false},"author":386,"featured_media":0,"comment_status":"open","ping_status":"open","sticky":false,"template":"","format":"standard","meta":{"footnotes":""},"categories":[1],"tags":[],"class_list":["post-5856","post","type-post","status-publish","format-standard","hentry","category-publicaciones-blog"],"_links":{"self":[{"href":"https:\/\/blogs.deusto.es\/magis\/wp-json\/wp\/v2\/posts\/5856","targetHints":{"allow":["GET"]}}],"collection":[{"href":"https:\/\/blogs.deusto.es\/magis\/wp-json\/wp\/v2\/posts"}],"about":[{"href":"https:\/\/blogs.deusto.es\/magis\/wp-json\/wp\/v2\/types\/post"}],"author":[{"embeddable":true,"href":"https:\/\/blogs.deusto.es\/magis\/wp-json\/wp\/v2\/users\/386"}],"replies":[{"embeddable":true,"href":"https:\/\/blogs.deusto.es\/magis\/wp-json\/wp\/v2\/comments?post=5856"}],"version-history":[{"count":1,"href":"https:\/\/blogs.deusto.es\/magis\/wp-json\/wp\/v2\/posts\/5856\/revisions"}],"predecessor-version":[{"id":5858,"href":"https:\/\/blogs.deusto.es\/magis\/wp-json\/wp\/v2\/posts\/5856\/revisions\/5858"}],"wp:attachment":[{"href":"https:\/\/blogs.deusto.es\/magis\/wp-json\/wp\/v2\/media?parent=5856"}],"wp:term":[{"taxonomy":"category","embeddable":true,"href":"https:\/\/blogs.deusto.es\/magis\/wp-json\/wp\/v2\/categories?post=5856"},{"taxonomy":"post_tag","embeddable":true,"href":"https:\/\/blogs.deusto.es\/magis\/wp-json\/wp\/v2\/tags?post=5856"}],"curies":[{"name":"wp","href":"https:\/\/api.w.org\/{rel}","templated":true}]}}