{"id":5866,"date":"2024-11-18T07:57:59","date_gmt":"2024-11-18T05:57:59","guid":{"rendered":"https:\/\/blogs.deusto.es\/magis\/?p=5866"},"modified":"2024-11-18T07:57:59","modified_gmt":"2024-11-18T05:57:59","slug":"encuentros-que-transforman","status":"publish","type":"post","link":"https:\/\/blogs.deusto.es\/magis\/encuentros-que-transforman\/","title":{"rendered":"Encuentros que transforman"},"content":{"rendered":"\n<p><a href=\"https:\/\/www.misadecadadia.es\/read.html\">18 de noviembre.  Lunes de la XXXIII semana del tiempo ordinario<\/a><\/p>\n\n\n\n<p>En nuestra sociedad en la que la tecnolog\u00eda y el progreso parecen haberlo resuelto todo, seguimos encontrando personas  en los m\u00e1rgenes. Sus voces suelen ser silenciadas o ignoradas por la multitud que pasa apresurada y nos muestra la indiferencia moderna nos hace sordos ante el clamor de los vulnerables.<\/p>\n\n\n\n<p>El ciego no se dej\u00f3 intimidar por quienes quer\u00edan silenciarlo. Su voz lleg\u00f3 hasta Jes\u00fas, quien no solo le devolvi\u00f3 la vista f\u00edsica, sino que tras su enceuntro se puso en camino saliendo del margen. <\/p>\n\n\n\n<p>Hoy podr\u00edamos agudizar el o\u00eddo, librarnos de la sordera de la indiferencia y escuchar los gritos de auxilio que resuenan alrededor. Se trata de acallar los ruidos que nos distraen de tantas coss importantes. Feliz lunes.<\/p>\n\n\n\n<figure class=\"wp-block-image size-full\"><a href=\"https:\/\/blogs.deusto.es\/wp-content\/uploads\/sites\/26\/2024\/11\/image-17.png\"><img fetchpriority=\"high\" decoding=\"async\" width=\"1024\" height=\"768\" src=\"https:\/\/blogs.deusto.es\/wp-content\/uploads\/sites\/26\/2024\/11\/image-17.png\" alt=\"\" class=\"wp-image-5867\" srcset=\"https:\/\/blogs.deusto.es\/wp-content\/uploads\/sites\/26\/2024\/11\/image-17.png 1024w, https:\/\/blogs.deusto.es\/wp-content\/uploads\/sites\/26\/2024\/11\/image-17-300x225.png 300w, https:\/\/blogs.deusto.es\/wp-content\/uploads\/sites\/26\/2024\/11\/image-17-768x576.png 768w\" sizes=\"(max-width: 1024px) 100vw, 1024px\" \/><\/a><\/figure>\n","protected":false},"excerpt":{"rendered":"<p>18 de noviembre. Lunes de la XXXIII semana del tiempo ordinario En nuestra sociedad en la que la tecnolog\u00eda y el progreso parecen haberlo resuelto todo, seguimos encontrando personas en los m\u00e1rgenes. Sus voces suelen ser silenciadas o ignoradas por &hellip; <a href=\"https:\/\/blogs.deusto.es\/magis\/encuentros-que-transforman\/\">Sigue leyendo <span class=\"meta-nav\">&rarr;<\/span><\/a><\/p>\n","protected":false},"author":386,"featured_media":0,"comment_status":"open","ping_status":"open","sticky":false,"template":"","format":"standard","meta":{"footnotes":""},"categories":[1],"tags":[],"class_list":["post-5866","post","type-post","status-publish","format-standard","hentry","category-publicaciones-blog"],"_links":{"self":[{"href":"https:\/\/blogs.deusto.es\/magis\/wp-json\/wp\/v2\/posts\/5866","targetHints":{"allow":["GET"]}}],"collection":[{"href":"https:\/\/blogs.deusto.es\/magis\/wp-json\/wp\/v2\/posts"}],"about":[{"href":"https:\/\/blogs.deusto.es\/magis\/wp-json\/wp\/v2\/types\/post"}],"author":[{"embeddable":true,"href":"https:\/\/blogs.deusto.es\/magis\/wp-json\/wp\/v2\/users\/386"}],"replies":[{"embeddable":true,"href":"https:\/\/blogs.deusto.es\/magis\/wp-json\/wp\/v2\/comments?post=5866"}],"version-history":[{"count":1,"href":"https:\/\/blogs.deusto.es\/magis\/wp-json\/wp\/v2\/posts\/5866\/revisions"}],"predecessor-version":[{"id":5868,"href":"https:\/\/blogs.deusto.es\/magis\/wp-json\/wp\/v2\/posts\/5866\/revisions\/5868"}],"wp:attachment":[{"href":"https:\/\/blogs.deusto.es\/magis\/wp-json\/wp\/v2\/media?parent=5866"}],"wp:term":[{"taxonomy":"category","embeddable":true,"href":"https:\/\/blogs.deusto.es\/magis\/wp-json\/wp\/v2\/categories?post=5866"},{"taxonomy":"post_tag","embeddable":true,"href":"https:\/\/blogs.deusto.es\/magis\/wp-json\/wp\/v2\/tags?post=5866"}],"curies":[{"name":"wp","href":"https:\/\/api.w.org\/{rel}","templated":true}]}}