{"id":5869,"date":"2024-11-19T08:39:57","date_gmt":"2024-11-19T06:39:57","guid":{"rendered":"https:\/\/blogs.deusto.es\/magis\/?p=5869"},"modified":"2024-11-19T08:40:55","modified_gmt":"2024-11-19T06:40:55","slug":"5869-2","status":"publish","type":"post","link":"https:\/\/blogs.deusto.es\/magis\/5869-2\/","title":{"rendered":"Subirse al sic\u00f3moro"},"content":{"rendered":"\n<p><a href=\"https:\/\/www.misadecadadia.es\/read.html\">19 de noviembre.  martes de la XXXIII semana del tiempo ordinario<\/a><\/p>\n\n\n\n<p>Vivimos en un mundo en el que las redes sociales nos permiten \u00absubir\u00bb contenido para ser vistos, y as\u00ed somos el centro de la vida. Frente a esto se nos est\u00e1 olvidando la capacidad de subir para ver, coger distancia de los obst\u00e1culos y mirar hacia lo importante. <\/p>\n\n\n\n<p><br>Hoy nos resulta inspirador, recordar la historia de aquel hombre que literalmente subi\u00f3 a un \u00e1rbol para ver a Jes\u00fas. El Evangelio as\u00ed nos muestra que la b\u00fasqueda genuina de sentido supera cualquier obst\u00e1culo o prejuicio social.<\/p>\n\n\n\n<p>En el medio del ajetreo ncesitamos elevar nuestro esp\u00edritu, donde superamos nuestras limitaciones y miedos para encontrarnos con la verdad. Se trata de atrevernos a ser diferentes y estar dispuestos a recibir lo inesperado que puede cambiar nuestra vida. Feliz martes.<\/p>\n\n\n\n<figure class=\"wp-block-image size-full\"><a href=\"https:\/\/blogs.deusto.es\/wp-content\/uploads\/sites\/26\/2024\/11\/image-18.png\"><img fetchpriority=\"high\" decoding=\"async\" width=\"652\" height=\"666\" src=\"https:\/\/blogs.deusto.es\/wp-content\/uploads\/sites\/26\/2024\/11\/image-18.png\" alt=\"\" class=\"wp-image-5870\" srcset=\"https:\/\/blogs.deusto.es\/wp-content\/uploads\/sites\/26\/2024\/11\/image-18.png 652w, https:\/\/blogs.deusto.es\/wp-content\/uploads\/sites\/26\/2024\/11\/image-18-294x300.png 294w\" sizes=\"(max-width: 652px) 100vw, 652px\" \/><\/a><\/figure>\n","protected":false},"excerpt":{"rendered":"<p>19 de noviembre. martes de la XXXIII semana del tiempo ordinario Vivimos en un mundo en el que las redes sociales nos permiten \u00absubir\u00bb contenido para ser vistos, y as\u00ed somos el centro de la vida. Frente a esto se &hellip; <a href=\"https:\/\/blogs.deusto.es\/magis\/5869-2\/\">Sigue leyendo <span class=\"meta-nav\">&rarr;<\/span><\/a><\/p>\n","protected":false},"author":386,"featured_media":0,"comment_status":"open","ping_status":"open","sticky":false,"template":"","format":"standard","meta":{"footnotes":""},"categories":[1],"tags":[],"class_list":["post-5869","post","type-post","status-publish","format-standard","hentry","category-publicaciones-blog"],"_links":{"self":[{"href":"https:\/\/blogs.deusto.es\/magis\/wp-json\/wp\/v2\/posts\/5869","targetHints":{"allow":["GET"]}}],"collection":[{"href":"https:\/\/blogs.deusto.es\/magis\/wp-json\/wp\/v2\/posts"}],"about":[{"href":"https:\/\/blogs.deusto.es\/magis\/wp-json\/wp\/v2\/types\/post"}],"author":[{"embeddable":true,"href":"https:\/\/blogs.deusto.es\/magis\/wp-json\/wp\/v2\/users\/386"}],"replies":[{"embeddable":true,"href":"https:\/\/blogs.deusto.es\/magis\/wp-json\/wp\/v2\/comments?post=5869"}],"version-history":[{"count":2,"href":"https:\/\/blogs.deusto.es\/magis\/wp-json\/wp\/v2\/posts\/5869\/revisions"}],"predecessor-version":[{"id":5872,"href":"https:\/\/blogs.deusto.es\/magis\/wp-json\/wp\/v2\/posts\/5869\/revisions\/5872"}],"wp:attachment":[{"href":"https:\/\/blogs.deusto.es\/magis\/wp-json\/wp\/v2\/media?parent=5869"}],"wp:term":[{"taxonomy":"category","embeddable":true,"href":"https:\/\/blogs.deusto.es\/magis\/wp-json\/wp\/v2\/categories?post=5869"},{"taxonomy":"post_tag","embeddable":true,"href":"https:\/\/blogs.deusto.es\/magis\/wp-json\/wp\/v2\/tags?post=5869"}],"curies":[{"name":"wp","href":"https:\/\/api.w.org\/{rel}","templated":true}]}}