{"id":5877,"date":"2024-11-21T08:03:40","date_gmt":"2024-11-21T06:03:40","guid":{"rendered":"https:\/\/blogs.deusto.es\/magis\/?p=5877"},"modified":"2024-11-21T08:03:40","modified_gmt":"2024-11-21T06:03:40","slug":"reconocer-el-tiempo-de-la-paz","status":"publish","type":"post","link":"https:\/\/blogs.deusto.es\/magis\/reconocer-el-tiempo-de-la-paz\/","title":{"rendered":"Reconocer el tiempo de la paz"},"content":{"rendered":"\n<p><a href=\"https:\/\/www.misadecadadia.es\/read.html\">21 de noviembre.  Jueves de la XXXIII semana del tiempo ordinario<\/a> Presentaci\u00f3n de la bienaventurada Virgen Mar\u00eda<\/p>\n\n\n\n<p>Seguimos viendo c\u00f3mo los conflictos b\u00e9licos siguen desgarrando naciones enteras, donde ciudades son reducidas a escombros y familias son separadas por la violencia.  Las im\u00e1genes de devastaci\u00f3n que vemos a diario en nuestras pantallas son un horror diario.<\/p>\n\n\n\n<p>La advertencia de Jes\u00fas no es una amenaza, sino una manifestaci\u00f3n de amor profundo por su pueblo. Como entonces, hoy necesitamos urgentemente reconocer los signos de los tiempos y actuar en consecuencia, antes de que sea demasiado tarde.<\/p>\n\n\n\n<p>Podemos dar una vuelta a nuestropapel en la construcci\u00f3n de la paz en el entorno inmediato. Cada uno de nosotros tiene la oportunidad de ser un instrumento de paz en medio de la discordia cotidiana. \u00bfQu\u00e9 gestos concretos podr\u00edas realizar hoy para reconocer y acoger la visita de Dios en tu vida? Feliz jueves.<\/p>\n\n\n\n<figure class=\"wp-block-image size-full\"><a href=\"https:\/\/blogs.deusto.es\/wp-content\/uploads\/sites\/26\/2024\/11\/image-20.png\"><img fetchpriority=\"high\" decoding=\"async\" width=\"864\" height=\"379\" src=\"https:\/\/blogs.deusto.es\/wp-content\/uploads\/sites\/26\/2024\/11\/image-20.png\" alt=\"\" class=\"wp-image-5879\" srcset=\"https:\/\/blogs.deusto.es\/wp-content\/uploads\/sites\/26\/2024\/11\/image-20.png 864w, https:\/\/blogs.deusto.es\/wp-content\/uploads\/sites\/26\/2024\/11\/image-20-300x132.png 300w, https:\/\/blogs.deusto.es\/wp-content\/uploads\/sites\/26\/2024\/11\/image-20-768x337.png 768w\" sizes=\"(max-width: 864px) 100vw, 864px\" \/><\/a><\/figure>\n","protected":false},"excerpt":{"rendered":"<p>21 de noviembre. Jueves de la XXXIII semana del tiempo ordinario Presentaci\u00f3n de la bienaventurada Virgen Mar\u00eda Seguimos viendo c\u00f3mo los conflictos b\u00e9licos siguen desgarrando naciones enteras, donde ciudades son reducidas a escombros y familias son separadas por la violencia. &hellip; <a href=\"https:\/\/blogs.deusto.es\/magis\/reconocer-el-tiempo-de-la-paz\/\">Sigue leyendo <span class=\"meta-nav\">&rarr;<\/span><\/a><\/p>\n","protected":false},"author":386,"featured_media":0,"comment_status":"open","ping_status":"open","sticky":false,"template":"","format":"standard","meta":{"footnotes":""},"categories":[1],"tags":[],"class_list":["post-5877","post","type-post","status-publish","format-standard","hentry","category-publicaciones-blog"],"_links":{"self":[{"href":"https:\/\/blogs.deusto.es\/magis\/wp-json\/wp\/v2\/posts\/5877","targetHints":{"allow":["GET"]}}],"collection":[{"href":"https:\/\/blogs.deusto.es\/magis\/wp-json\/wp\/v2\/posts"}],"about":[{"href":"https:\/\/blogs.deusto.es\/magis\/wp-json\/wp\/v2\/types\/post"}],"author":[{"embeddable":true,"href":"https:\/\/blogs.deusto.es\/magis\/wp-json\/wp\/v2\/users\/386"}],"replies":[{"embeddable":true,"href":"https:\/\/blogs.deusto.es\/magis\/wp-json\/wp\/v2\/comments?post=5877"}],"version-history":[{"count":2,"href":"https:\/\/blogs.deusto.es\/magis\/wp-json\/wp\/v2\/posts\/5877\/revisions"}],"predecessor-version":[{"id":5880,"href":"https:\/\/blogs.deusto.es\/magis\/wp-json\/wp\/v2\/posts\/5877\/revisions\/5880"}],"wp:attachment":[{"href":"https:\/\/blogs.deusto.es\/magis\/wp-json\/wp\/v2\/media?parent=5877"}],"wp:term":[{"taxonomy":"category","embeddable":true,"href":"https:\/\/blogs.deusto.es\/magis\/wp-json\/wp\/v2\/categories?post=5877"},{"taxonomy":"post_tag","embeddable":true,"href":"https:\/\/blogs.deusto.es\/magis\/wp-json\/wp\/v2\/tags?post=5877"}],"curies":[{"name":"wp","href":"https:\/\/api.w.org\/{rel}","templated":true}]}}