{"id":5881,"date":"2024-11-22T12:57:19","date_gmt":"2024-11-22T10:57:19","guid":{"rendered":"https:\/\/blogs.deusto.es\/magis\/?p=5881"},"modified":"2024-11-22T12:57:19","modified_gmt":"2024-11-22T10:57:19","slug":"espacio-libre-de-comercio","status":"publish","type":"post","link":"https:\/\/blogs.deusto.es\/magis\/espacio-libre-de-comercio\/","title":{"rendered":"Espacio libre de comercio"},"content":{"rendered":"\n<p><a href=\"https:\/\/www.misadecadadia.es\/read.html\">21 de noviembre.  Viernes de la XXXIII semana del tiempo ordinario<\/a><\/p>\n\n\n\n<p>Ya es Navidad en el Corte Ingl\u00e9s, Black Friday,&#8230;. En nuestros d\u00edas los centros comerciales y el consumismo desenfrenado caracterizan nuestras sociedades. La comercializaci\u00f3n de todos los espacios sagrados o no, es una din\u00e1mica que tambi\u00e9n se comercialicen otros aspectos de la vida.<\/p>\n\n\n\n<p>El pasaje del Evangelio nos recuerda que los lugares de encuentro con Dios deben mantener su esencia espiritual, libre de intereses comerciales y manipulaciones humanas. La autenticidad en nuestra relaci\u00f3n con lo divino y humano requiere espacios y tiempos libres de compra venta.<\/p>\n\n\n\n<p>Hoy podr\u00edamos pensar sobre los espacios sagrados de nuestras vidas. Esos espacios en los que nos distanciamos del ruido de cada d\u00eda y se convierten en espacios de escucha y atenci\u00f3n. Son una ocasi\u00f3n para conectar con el aut\u00e9ntico Esp\u00edritu de nuestra vida. Feliz viernes.<\/p>\n\n\n\n<figure class=\"wp-block-image size-full\"><a href=\"https:\/\/blogs.deusto.es\/wp-content\/uploads\/sites\/26\/2024\/11\/image-21.png\"><img fetchpriority=\"high\" decoding=\"async\" width=\"640\" height=\"427\" src=\"https:\/\/blogs.deusto.es\/wp-content\/uploads\/sites\/26\/2024\/11\/image-21.png\" alt=\"\" class=\"wp-image-5882\" srcset=\"https:\/\/blogs.deusto.es\/wp-content\/uploads\/sites\/26\/2024\/11\/image-21.png 640w, https:\/\/blogs.deusto.es\/wp-content\/uploads\/sites\/26\/2024\/11\/image-21-300x200.png 300w\" sizes=\"(max-width: 640px) 100vw, 640px\" \/><\/a><\/figure>\n","protected":false},"excerpt":{"rendered":"<p>21 de noviembre. Viernes de la XXXIII semana del tiempo ordinario Ya es Navidad en el Corte Ingl\u00e9s, Black Friday,&#8230;. En nuestros d\u00edas los centros comerciales y el consumismo desenfrenado caracterizan nuestras sociedades. La comercializaci\u00f3n de todos los espacios sagrados &hellip; <a href=\"https:\/\/blogs.deusto.es\/magis\/espacio-libre-de-comercio\/\">Sigue leyendo <span class=\"meta-nav\">&rarr;<\/span><\/a><\/p>\n","protected":false},"author":386,"featured_media":0,"comment_status":"open","ping_status":"open","sticky":false,"template":"","format":"standard","meta":{"footnotes":""},"categories":[1],"tags":[],"class_list":["post-5881","post","type-post","status-publish","format-standard","hentry","category-publicaciones-blog"],"_links":{"self":[{"href":"https:\/\/blogs.deusto.es\/magis\/wp-json\/wp\/v2\/posts\/5881","targetHints":{"allow":["GET"]}}],"collection":[{"href":"https:\/\/blogs.deusto.es\/magis\/wp-json\/wp\/v2\/posts"}],"about":[{"href":"https:\/\/blogs.deusto.es\/magis\/wp-json\/wp\/v2\/types\/post"}],"author":[{"embeddable":true,"href":"https:\/\/blogs.deusto.es\/magis\/wp-json\/wp\/v2\/users\/386"}],"replies":[{"embeddable":true,"href":"https:\/\/blogs.deusto.es\/magis\/wp-json\/wp\/v2\/comments?post=5881"}],"version-history":[{"count":1,"href":"https:\/\/blogs.deusto.es\/magis\/wp-json\/wp\/v2\/posts\/5881\/revisions"}],"predecessor-version":[{"id":5883,"href":"https:\/\/blogs.deusto.es\/magis\/wp-json\/wp\/v2\/posts\/5881\/revisions\/5883"}],"wp:attachment":[{"href":"https:\/\/blogs.deusto.es\/magis\/wp-json\/wp\/v2\/media?parent=5881"}],"wp:term":[{"taxonomy":"category","embeddable":true,"href":"https:\/\/blogs.deusto.es\/magis\/wp-json\/wp\/v2\/categories?post=5881"},{"taxonomy":"post_tag","embeddable":true,"href":"https:\/\/blogs.deusto.es\/magis\/wp-json\/wp\/v2\/tags?post=5881"}],"curies":[{"name":"wp","href":"https:\/\/api.w.org\/{rel}","templated":true}]}}