{"id":5884,"date":"2024-11-23T10:16:53","date_gmt":"2024-11-23T08:16:53","guid":{"rendered":"https:\/\/blogs.deusto.es\/magis\/?p=5884"},"modified":"2024-11-23T10:16:53","modified_gmt":"2024-11-23T08:16:53","slug":"el-elefante-en-la-habitacion","status":"publish","type":"post","link":"https:\/\/blogs.deusto.es\/magis\/el-elefante-en-la-habitacion\/","title":{"rendered":"El elefante en la habitaci\u00f3n"},"content":{"rendered":"\n<p><a href=\"https:\/\/www.misadecadadia.es\/read.html\">23 de noviembre.  S\u00e1bado de la XXXIII semana del tiempo ordinario<\/a><\/p>\n\n\n\n<p>A veces la muerte est\u00e1 presente en nuestras vidas, como un elefante blanco en medio de la habitaci\u00f3n, pero preferimos esquivarla con distracciones o buscando aparentes certezas que nos den tranquilidad. Sin embargo, las grandes preguntas de la vida siguen ah\u00ed, aunque no hablemos en serio de ellas.<\/p>\n\n\n\n<p>Jes\u00fas nos invita a mirar m\u00e1s all\u00e1 del miedo o la evasi\u00f3n. En su respuesta a los saduceos, Jes\u00fas desmonta nuestros esquemas humanos y nos muestra que la resurrecci\u00f3n no es un tema que debamos temer o ignorar, sino que es aprte de la esperanza de los cristianos.<\/p>\n\n\n\n<p>Hoy pdor\u00edamos de frente ese \u00abelefante blanco\u00bb y a no temer hablar de la muerte y de la vida en serio. Se trata de vivir en la verdad en la que nos movemos y evitar distraernos en conversaciones que nos distraen de lo importante haciendo ruido. Feliz s\u00e1bado.<\/p>\n\n\n\n<figure class=\"wp-block-image size-full\"><a href=\"https:\/\/blogs.deusto.es\/wp-content\/uploads\/sites\/26\/2024\/11\/image-22.png\"><img fetchpriority=\"high\" decoding=\"async\" width=\"803\" height=\"800\" src=\"https:\/\/blogs.deusto.es\/wp-content\/uploads\/sites\/26\/2024\/11\/image-22.png\" alt=\"\" class=\"wp-image-5885\" srcset=\"https:\/\/blogs.deusto.es\/wp-content\/uploads\/sites\/26\/2024\/11\/image-22.png 803w, https:\/\/blogs.deusto.es\/wp-content\/uploads\/sites\/26\/2024\/11\/image-22-300x300.png 300w, https:\/\/blogs.deusto.es\/wp-content\/uploads\/sites\/26\/2024\/11\/image-22-150x150.png 150w, https:\/\/blogs.deusto.es\/wp-content\/uploads\/sites\/26\/2024\/11\/image-22-768x765.png 768w\" sizes=\"(max-width: 803px) 100vw, 803px\" \/><\/a><\/figure>\n","protected":false},"excerpt":{"rendered":"<p>23 de noviembre. S\u00e1bado de la XXXIII semana del tiempo ordinario A veces la muerte est\u00e1 presente en nuestras vidas, como un elefante blanco en medio de la habitaci\u00f3n, pero preferimos esquivarla con distracciones o buscando aparentes certezas que nos &hellip; <a href=\"https:\/\/blogs.deusto.es\/magis\/el-elefante-en-la-habitacion\/\">Sigue leyendo <span class=\"meta-nav\">&rarr;<\/span><\/a><\/p>\n","protected":false},"author":386,"featured_media":0,"comment_status":"open","ping_status":"open","sticky":false,"template":"","format":"standard","meta":{"footnotes":""},"categories":[1],"tags":[],"class_list":["post-5884","post","type-post","status-publish","format-standard","hentry","category-publicaciones-blog"],"_links":{"self":[{"href":"https:\/\/blogs.deusto.es\/magis\/wp-json\/wp\/v2\/posts\/5884","targetHints":{"allow":["GET"]}}],"collection":[{"href":"https:\/\/blogs.deusto.es\/magis\/wp-json\/wp\/v2\/posts"}],"about":[{"href":"https:\/\/blogs.deusto.es\/magis\/wp-json\/wp\/v2\/types\/post"}],"author":[{"embeddable":true,"href":"https:\/\/blogs.deusto.es\/magis\/wp-json\/wp\/v2\/users\/386"}],"replies":[{"embeddable":true,"href":"https:\/\/blogs.deusto.es\/magis\/wp-json\/wp\/v2\/comments?post=5884"}],"version-history":[{"count":1,"href":"https:\/\/blogs.deusto.es\/magis\/wp-json\/wp\/v2\/posts\/5884\/revisions"}],"predecessor-version":[{"id":5886,"href":"https:\/\/blogs.deusto.es\/magis\/wp-json\/wp\/v2\/posts\/5884\/revisions\/5886"}],"wp:attachment":[{"href":"https:\/\/blogs.deusto.es\/magis\/wp-json\/wp\/v2\/media?parent=5884"}],"wp:term":[{"taxonomy":"category","embeddable":true,"href":"https:\/\/blogs.deusto.es\/magis\/wp-json\/wp\/v2\/categories?post=5884"},{"taxonomy":"post_tag","embeddable":true,"href":"https:\/\/blogs.deusto.es\/magis\/wp-json\/wp\/v2\/tags?post=5884"}],"curies":[{"name":"wp","href":"https:\/\/api.w.org\/{rel}","templated":true}]}}