{"id":5888,"date":"2024-11-24T10:13:04","date_gmt":"2024-11-24T08:13:04","guid":{"rendered":"https:\/\/blogs.deusto.es\/magis\/?p=5888"},"modified":"2024-11-24T10:13:04","modified_gmt":"2024-11-24T08:13:04","slug":"de-que-reino-hablamos","status":"publish","type":"post","link":"https:\/\/blogs.deusto.es\/magis\/de-que-reino-hablamos\/","title":{"rendered":"\u00bfDe qu\u00e9 reino hablamos?"},"content":{"rendered":"\n<p><a href=\"https:\/\/www.misadecadadia.es\/read.html\">24 de noviembre.  Domingo de la XXXIII semana del tiempo ordinario<\/a>. Jesucristo, Rey del Universo<\/p>\n\n\n\n<p>En un mundo donde las luchas de poder y las divisiones parecen reinar, es f\u00e1cil preguntarse: \u00bfqui\u00e9n tiene realmente el control? Vemos, como en estos d\u00edas en la cumbre del clima, a l\u00edderes peleando por posiciones, sistemas que privilegian a unos pocos, imponiendo su feruza.<\/p>\n\n\n\n<p>El Evangelio de hoy nos recuerda que el reino de Jes\u00fas no es de este mundo. No est\u00e1 basado en el poder, sino en la verdad y el servicio. Jes\u00fas no impone, sino que invita a quienes desean escuchar su voz y vivir desde la verdad que transforma corazones y sociedades.<\/p>\n\n\n\n<p>Hoy, se nos invita a mirar m\u00e1s all\u00e1 de lo inmediato y a preguntarnos: \u00bfen qu\u00e9 tipo de reino queremos vivir? Se trata de ver el mundo con unos ojos nuevos que nos muestre c\u00f3mo la humanidad podemos vivir juntos. Feliz domingo.<\/p>\n\n\n\n<figure class=\"wp-block-image size-large\"><a href=\"https:\/\/blogs.deusto.es\/wp-content\/uploads\/sites\/26\/2024\/11\/image-23.png\"><img fetchpriority=\"high\" decoding=\"async\" width=\"1024\" height=\"640\" src=\"https:\/\/blogs.deusto.es\/wp-content\/uploads\/sites\/26\/2024\/11\/image-23-1024x640.png\" alt=\"\" class=\"wp-image-5889\" srcset=\"https:\/\/blogs.deusto.es\/wp-content\/uploads\/sites\/26\/2024\/11\/image-23-1024x640.png 1024w, https:\/\/blogs.deusto.es\/wp-content\/uploads\/sites\/26\/2024\/11\/image-23-300x188.png 300w, https:\/\/blogs.deusto.es\/wp-content\/uploads\/sites\/26\/2024\/11\/image-23-768x480.png 768w, https:\/\/blogs.deusto.es\/wp-content\/uploads\/sites\/26\/2024\/11\/image-23.png 1080w\" sizes=\"(max-width: 1024px) 100vw, 1024px\" \/><\/a><\/figure>\n","protected":false},"excerpt":{"rendered":"<p>24 de noviembre. Domingo de la XXXIII semana del tiempo ordinario. Jesucristo, Rey del Universo En un mundo donde las luchas de poder y las divisiones parecen reinar, es f\u00e1cil preguntarse: \u00bfqui\u00e9n tiene realmente el control? Vemos, como en estos &hellip; <a href=\"https:\/\/blogs.deusto.es\/magis\/de-que-reino-hablamos\/\">Sigue leyendo <span class=\"meta-nav\">&rarr;<\/span><\/a><\/p>\n","protected":false},"author":386,"featured_media":0,"comment_status":"open","ping_status":"open","sticky":false,"template":"","format":"standard","meta":{"footnotes":""},"categories":[1],"tags":[],"class_list":["post-5888","post","type-post","status-publish","format-standard","hentry","category-publicaciones-blog"],"_links":{"self":[{"href":"https:\/\/blogs.deusto.es\/magis\/wp-json\/wp\/v2\/posts\/5888","targetHints":{"allow":["GET"]}}],"collection":[{"href":"https:\/\/blogs.deusto.es\/magis\/wp-json\/wp\/v2\/posts"}],"about":[{"href":"https:\/\/blogs.deusto.es\/magis\/wp-json\/wp\/v2\/types\/post"}],"author":[{"embeddable":true,"href":"https:\/\/blogs.deusto.es\/magis\/wp-json\/wp\/v2\/users\/386"}],"replies":[{"embeddable":true,"href":"https:\/\/blogs.deusto.es\/magis\/wp-json\/wp\/v2\/comments?post=5888"}],"version-history":[{"count":1,"href":"https:\/\/blogs.deusto.es\/magis\/wp-json\/wp\/v2\/posts\/5888\/revisions"}],"predecessor-version":[{"id":5890,"href":"https:\/\/blogs.deusto.es\/magis\/wp-json\/wp\/v2\/posts\/5888\/revisions\/5890"}],"wp:attachment":[{"href":"https:\/\/blogs.deusto.es\/magis\/wp-json\/wp\/v2\/media?parent=5888"}],"wp:term":[{"taxonomy":"category","embeddable":true,"href":"https:\/\/blogs.deusto.es\/magis\/wp-json\/wp\/v2\/categories?post=5888"},{"taxonomy":"post_tag","embeddable":true,"href":"https:\/\/blogs.deusto.es\/magis\/wp-json\/wp\/v2\/tags?post=5888"}],"curies":[{"name":"wp","href":"https:\/\/api.w.org\/{rel}","templated":true}]}}