{"id":5894,"date":"2024-11-26T12:48:41","date_gmt":"2024-11-26T10:48:41","guid":{"rendered":"https:\/\/blogs.deusto.es\/magis\/?p=5894"},"modified":"2024-11-26T12:48:41","modified_gmt":"2024-11-26T10:48:41","slug":"efimero","status":"publish","type":"post","link":"https:\/\/blogs.deusto.es\/magis\/efimero\/","title":{"rendered":"Ef\u00edmero"},"content":{"rendered":"\n<p><a href=\"https:\/\/www.misadecadadia.es\/read.html\">26 de noviembre.  Martes de la XXXIV semana del tiempo ordinar<\/a><\/p>\n\n\n\n<p>Vivimos en tiempos convulsos. Noticias de conflictos, desastres naturales y crisis sociales parecen inundar nuestros d\u00edas. La incertidumbre y el miedo se cuelan en nuestras vidas, generando inquietud sobre el futuro.<\/p>\n\n\n\n<p>Jes\u00fas nos advierte contra aquellos que intentar\u00e1n manipularnos y meternos miedo a trav\u00e9s del catastrofismo.  Nos invita a no dejarnos enga\u00f1ar y a discernir los signos de los tiempos desde la profundidad y la esperanza que surgen de la experiencia del Reino.<\/p>\n\n\n\n<p>En medio de este ambiente en el que las apariencias y los temores que nos rodean, debemos de buscar espacios que nos ayuden a mantener la serenidad y la esperanza. Se trata de animar a los dem\u00e1s a descubirir en lo ef\u00edmero lo importante de la esperanza. Feliz martes.<\/p>\n\n\n\n<figure class=\"wp-block-image size-full\"><a href=\"https:\/\/blogs.deusto.es\/wp-content\/uploads\/sites\/26\/2024\/11\/image-25.png\"><img fetchpriority=\"high\" decoding=\"async\" width=\"802\" height=\"793\" src=\"https:\/\/blogs.deusto.es\/wp-content\/uploads\/sites\/26\/2024\/11\/image-25.png\" alt=\"\" class=\"wp-image-5895\" srcset=\"https:\/\/blogs.deusto.es\/wp-content\/uploads\/sites\/26\/2024\/11\/image-25.png 802w, https:\/\/blogs.deusto.es\/wp-content\/uploads\/sites\/26\/2024\/11\/image-25-300x297.png 300w, https:\/\/blogs.deusto.es\/wp-content\/uploads\/sites\/26\/2024\/11\/image-25-768x759.png 768w\" sizes=\"(max-width: 802px) 100vw, 802px\" \/><\/a><\/figure>\n","protected":false},"excerpt":{"rendered":"<p>26 de noviembre. Martes de la XXXIV semana del tiempo ordinar Vivimos en tiempos convulsos. Noticias de conflictos, desastres naturales y crisis sociales parecen inundar nuestros d\u00edas. La incertidumbre y el miedo se cuelan en nuestras vidas, generando inquietud sobre &hellip; <a href=\"https:\/\/blogs.deusto.es\/magis\/efimero\/\">Sigue leyendo <span class=\"meta-nav\">&rarr;<\/span><\/a><\/p>\n","protected":false},"author":386,"featured_media":0,"comment_status":"open","ping_status":"open","sticky":false,"template":"","format":"standard","meta":{"footnotes":""},"categories":[1],"tags":[],"class_list":["post-5894","post","type-post","status-publish","format-standard","hentry","category-publicaciones-blog"],"_links":{"self":[{"href":"https:\/\/blogs.deusto.es\/magis\/wp-json\/wp\/v2\/posts\/5894","targetHints":{"allow":["GET"]}}],"collection":[{"href":"https:\/\/blogs.deusto.es\/magis\/wp-json\/wp\/v2\/posts"}],"about":[{"href":"https:\/\/blogs.deusto.es\/magis\/wp-json\/wp\/v2\/types\/post"}],"author":[{"embeddable":true,"href":"https:\/\/blogs.deusto.es\/magis\/wp-json\/wp\/v2\/users\/386"}],"replies":[{"embeddable":true,"href":"https:\/\/blogs.deusto.es\/magis\/wp-json\/wp\/v2\/comments?post=5894"}],"version-history":[{"count":1,"href":"https:\/\/blogs.deusto.es\/magis\/wp-json\/wp\/v2\/posts\/5894\/revisions"}],"predecessor-version":[{"id":5896,"href":"https:\/\/blogs.deusto.es\/magis\/wp-json\/wp\/v2\/posts\/5894\/revisions\/5896"}],"wp:attachment":[{"href":"https:\/\/blogs.deusto.es\/magis\/wp-json\/wp\/v2\/media?parent=5894"}],"wp:term":[{"taxonomy":"category","embeddable":true,"href":"https:\/\/blogs.deusto.es\/magis\/wp-json\/wp\/v2\/categories?post=5894"},{"taxonomy":"post_tag","embeddable":true,"href":"https:\/\/blogs.deusto.es\/magis\/wp-json\/wp\/v2\/tags?post=5894"}],"curies":[{"name":"wp","href":"https:\/\/api.w.org\/{rel}","templated":true}]}}