{"id":5897,"date":"2024-11-27T08:21:14","date_gmt":"2024-11-27T06:21:14","guid":{"rendered":"https:\/\/blogs.deusto.es\/magis\/?p=5897"},"modified":"2024-11-27T08:21:14","modified_gmt":"2024-11-27T06:21:14","slug":"por-causa-de-mi-nombre-2","status":"publish","type":"post","link":"https:\/\/blogs.deusto.es\/magis\/por-causa-de-mi-nombre-2\/","title":{"rendered":"Por causa de mi nombre"},"content":{"rendered":"\n<p><a href=\"https:\/\/www.misadecadadia.es\/read.html\">27 de noviembre.  Mi\u00e9rcoles de la XXXIV semana del tiempo ordinar<\/a><\/p>\n\n\n\n<p>En el mundo actual la persecuci\u00f3n religiosa sigue siendo una realidad en muchas partes del planeta. Los informes recientes sobre cristianos perseguidos en diferentes regiones nos recuerdan que la fe sigue siendo motivo de discriminaci\u00f3n. <\/p>\n\n\n\n<p>El Evangelio de Lucas nos invita a confiar. Jes\u00fas asegura que, ante la adversidad, \u00c9l nos dar\u00e1 las palabras y la sabidur\u00eda necesarias para perseverar. No se trata de evitar las dificultades, sino de afrontarlas con la esperanza profunda que surge del Evangelio.<\/p>\n\n\n\n<p>En nuestra confortabilidad podr\u00edamos preguntarnos \u00bfQu\u00e9 significa dar testimonio de nuestra fe en nuestra vida diaria? Estamos llamados a compartir la alegr\u00eda que supone el Evangelio para nuestras vidas. Feliz mi\u00e9rcoles.<\/p>\n\n\n\n<figure class=\"wp-block-image size-full\"><a href=\"https:\/\/blogs.deusto.es\/wp-content\/uploads\/sites\/26\/2024\/11\/image-26.png\"><img fetchpriority=\"high\" decoding=\"async\" width=\"640\" height=\"360\" src=\"https:\/\/blogs.deusto.es\/wp-content\/uploads\/sites\/26\/2024\/11\/image-26.png\" alt=\"\" class=\"wp-image-5898\" srcset=\"https:\/\/blogs.deusto.es\/wp-content\/uploads\/sites\/26\/2024\/11\/image-26.png 640w, https:\/\/blogs.deusto.es\/wp-content\/uploads\/sites\/26\/2024\/11\/image-26-300x169.png 300w\" sizes=\"(max-width: 640px) 100vw, 640px\" \/><\/a><\/figure>\n","protected":false},"excerpt":{"rendered":"<p>27 de noviembre. Mi\u00e9rcoles de la XXXIV semana del tiempo ordinar En el mundo actual la persecuci\u00f3n religiosa sigue siendo una realidad en muchas partes del planeta. Los informes recientes sobre cristianos perseguidos en diferentes regiones nos recuerdan que la &hellip; <a href=\"https:\/\/blogs.deusto.es\/magis\/por-causa-de-mi-nombre-2\/\">Sigue leyendo <span class=\"meta-nav\">&rarr;<\/span><\/a><\/p>\n","protected":false},"author":386,"featured_media":0,"comment_status":"open","ping_status":"open","sticky":false,"template":"","format":"standard","meta":{"footnotes":""},"categories":[1],"tags":[],"class_list":["post-5897","post","type-post","status-publish","format-standard","hentry","category-publicaciones-blog"],"_links":{"self":[{"href":"https:\/\/blogs.deusto.es\/magis\/wp-json\/wp\/v2\/posts\/5897","targetHints":{"allow":["GET"]}}],"collection":[{"href":"https:\/\/blogs.deusto.es\/magis\/wp-json\/wp\/v2\/posts"}],"about":[{"href":"https:\/\/blogs.deusto.es\/magis\/wp-json\/wp\/v2\/types\/post"}],"author":[{"embeddable":true,"href":"https:\/\/blogs.deusto.es\/magis\/wp-json\/wp\/v2\/users\/386"}],"replies":[{"embeddable":true,"href":"https:\/\/blogs.deusto.es\/magis\/wp-json\/wp\/v2\/comments?post=5897"}],"version-history":[{"count":1,"href":"https:\/\/blogs.deusto.es\/magis\/wp-json\/wp\/v2\/posts\/5897\/revisions"}],"predecessor-version":[{"id":5899,"href":"https:\/\/blogs.deusto.es\/magis\/wp-json\/wp\/v2\/posts\/5897\/revisions\/5899"}],"wp:attachment":[{"href":"https:\/\/blogs.deusto.es\/magis\/wp-json\/wp\/v2\/media?parent=5897"}],"wp:term":[{"taxonomy":"category","embeddable":true,"href":"https:\/\/blogs.deusto.es\/magis\/wp-json\/wp\/v2\/categories?post=5897"},{"taxonomy":"post_tag","embeddable":true,"href":"https:\/\/blogs.deusto.es\/magis\/wp-json\/wp\/v2\/tags?post=5897"}],"curies":[{"name":"wp","href":"https:\/\/api.w.org\/{rel}","templated":true}]}}