{"id":5900,"date":"2024-11-28T12:09:59","date_gmt":"2024-11-28T10:09:59","guid":{"rendered":"https:\/\/blogs.deusto.es\/magis\/?p=5900"},"modified":"2024-11-28T12:09:59","modified_gmt":"2024-11-28T10:09:59","slug":"los-signos-de-nuestros-tiempos","status":"publish","type":"post","link":"https:\/\/blogs.deusto.es\/magis\/los-signos-de-nuestros-tiempos\/","title":{"rendered":"Los signos de nuestros tiempos"},"content":{"rendered":"\n<p><a href=\"https:\/\/www.misadecadadia.es\/read.html\">28 de noviembre.  Jueves de la XXXIV semana del tiempo ordinar<\/a><\/p>\n\n\n\n<p>Vivimos en una \u00e9poca marcada por la incertidumbre: conflictos, crisis medioambientales, y la sensaci\u00f3n de que todo est\u00e1 cambiando r\u00e1pidamente. Esta realidad nos genera una sensaci\u00f3n de agobio y de estar sobre pasados.<\/p>\n\n\n\n<p>El Evangelio de hoy nos invita a leer los signos de los tiempos desde la esperanza. Jes\u00fas no niega las dificultades, pero nos anima a levantar la cabeza, porque nuestra liberaci\u00f3n est\u00e1 cerca. Incluso en medio del caos, Dios sigue actuando en la vida.<\/p>\n\n\n\n<p>Hoy, abre tus ojos a los signos de esperanza que aparecen en el d\u00eda a d\u00eda. Tal vez est\u00e9n en un gesto, en una palabra, en una buena noticia, &#8230;  Conf\u00eda y levanta tu mirada, porque incluso en los momentos m\u00e1s oscuros alguien se acerca a nosotros.  Feliz jueves.<\/p>\n\n\n\n<figure class=\"wp-block-image size-full\"><a href=\"https:\/\/blogs.deusto.es\/wp-content\/uploads\/sites\/26\/2024\/11\/image-27.png\"><img fetchpriority=\"high\" decoding=\"async\" width=\"453\" height=\"668\" src=\"https:\/\/blogs.deusto.es\/wp-content\/uploads\/sites\/26\/2024\/11\/image-27.png\" alt=\"\" class=\"wp-image-5901\" srcset=\"https:\/\/blogs.deusto.es\/wp-content\/uploads\/sites\/26\/2024\/11\/image-27.png 453w, https:\/\/blogs.deusto.es\/wp-content\/uploads\/sites\/26\/2024\/11\/image-27-203x300.png 203w\" sizes=\"(max-width: 453px) 100vw, 453px\" \/><\/a><\/figure>\n","protected":false},"excerpt":{"rendered":"<p>28 de noviembre. Jueves de la XXXIV semana del tiempo ordinar Vivimos en una \u00e9poca marcada por la incertidumbre: conflictos, crisis medioambientales, y la sensaci\u00f3n de que todo est\u00e1 cambiando r\u00e1pidamente. Esta realidad nos genera una sensaci\u00f3n de agobio y &hellip; <a href=\"https:\/\/blogs.deusto.es\/magis\/los-signos-de-nuestros-tiempos\/\">Sigue leyendo <span class=\"meta-nav\">&rarr;<\/span><\/a><\/p>\n","protected":false},"author":386,"featured_media":0,"comment_status":"open","ping_status":"open","sticky":false,"template":"","format":"standard","meta":{"footnotes":""},"categories":[1],"tags":[],"class_list":["post-5900","post","type-post","status-publish","format-standard","hentry","category-publicaciones-blog"],"_links":{"self":[{"href":"https:\/\/blogs.deusto.es\/magis\/wp-json\/wp\/v2\/posts\/5900","targetHints":{"allow":["GET"]}}],"collection":[{"href":"https:\/\/blogs.deusto.es\/magis\/wp-json\/wp\/v2\/posts"}],"about":[{"href":"https:\/\/blogs.deusto.es\/magis\/wp-json\/wp\/v2\/types\/post"}],"author":[{"embeddable":true,"href":"https:\/\/blogs.deusto.es\/magis\/wp-json\/wp\/v2\/users\/386"}],"replies":[{"embeddable":true,"href":"https:\/\/blogs.deusto.es\/magis\/wp-json\/wp\/v2\/comments?post=5900"}],"version-history":[{"count":1,"href":"https:\/\/blogs.deusto.es\/magis\/wp-json\/wp\/v2\/posts\/5900\/revisions"}],"predecessor-version":[{"id":5902,"href":"https:\/\/blogs.deusto.es\/magis\/wp-json\/wp\/v2\/posts\/5900\/revisions\/5902"}],"wp:attachment":[{"href":"https:\/\/blogs.deusto.es\/magis\/wp-json\/wp\/v2\/media?parent=5900"}],"wp:term":[{"taxonomy":"category","embeddable":true,"href":"https:\/\/blogs.deusto.es\/magis\/wp-json\/wp\/v2\/categories?post=5900"},{"taxonomy":"post_tag","embeddable":true,"href":"https:\/\/blogs.deusto.es\/magis\/wp-json\/wp\/v2\/tags?post=5900"}],"curies":[{"name":"wp","href":"https:\/\/api.w.org\/{rel}","templated":true}]}}