{"id":5903,"date":"2024-11-29T08:02:41","date_gmt":"2024-11-29T06:02:41","guid":{"rendered":"https:\/\/blogs.deusto.es\/magis\/?p=5903"},"modified":"2024-11-29T08:02:41","modified_gmt":"2024-11-29T06:02:41","slug":"los-signos-de-nuestro-tiempo","status":"publish","type":"post","link":"https:\/\/blogs.deusto.es\/magis\/los-signos-de-nuestro-tiempo\/","title":{"rendered":"Los signos de nuestro tiempo"},"content":{"rendered":"\n<p><a href=\"https:\/\/www.misadecadadia.es\/read.html\">29 de noviembre.  Viernes de la XXXIV semana del tiempo ordinario<\/a><\/p>\n\n\n\n<p>En un mundo que avanza vertiginosamente entre revoluciones tecnol\u00f3gicas y desaf\u00edos globales, las se\u00f1ales de cambio son tan evidentes como los brotes en primavera. Nuestra sociedad experimenta transformaciones que marcan el inicio de una nueva era.<\/p>\n\n\n\n<p>El mensaje del Evangelio de Lucas nos recuerda lo esencial: que el Reino de Dios est\u00e1 cerca. En medio de la aparente fragilidad del mundo, encontramos la Buena Noticia de Jes\u00fas, que nos ense\u00f1a a ver los signos d elos tiempos.<\/p>\n\n\n\n<p>Hoy, en meido del ajetreo, podr\u00edamos parar un momento para observar los signos que la vida nos ofrece. Se trata de ver esos signos que nos anuncian que hay cosas importantes que nos esperan y necesitamos abrir los ojos del coraz\u00f3n. Feliz viernes.<\/p>\n\n\n\n<figure class=\"wp-block-image size-full\"><a href=\"https:\/\/blogs.deusto.es\/wp-content\/uploads\/sites\/26\/2024\/11\/image-28.png\"><img fetchpriority=\"high\" decoding=\"async\" width=\"600\" height=\"900\" src=\"https:\/\/blogs.deusto.es\/wp-content\/uploads\/sites\/26\/2024\/11\/image-28.png\" alt=\"\" class=\"wp-image-5904\" srcset=\"https:\/\/blogs.deusto.es\/wp-content\/uploads\/sites\/26\/2024\/11\/image-28.png 600w, https:\/\/blogs.deusto.es\/wp-content\/uploads\/sites\/26\/2024\/11\/image-28-200x300.png 200w\" sizes=\"(max-width: 600px) 100vw, 600px\" \/><\/a><\/figure>\n","protected":false},"excerpt":{"rendered":"<p>29 de noviembre. Viernes de la XXXIV semana del tiempo ordinario En un mundo que avanza vertiginosamente entre revoluciones tecnol\u00f3gicas y desaf\u00edos globales, las se\u00f1ales de cambio son tan evidentes como los brotes en primavera. Nuestra sociedad experimenta transformaciones que &hellip; <a href=\"https:\/\/blogs.deusto.es\/magis\/los-signos-de-nuestro-tiempo\/\">Sigue leyendo <span class=\"meta-nav\">&rarr;<\/span><\/a><\/p>\n","protected":false},"author":386,"featured_media":0,"comment_status":"open","ping_status":"open","sticky":false,"template":"","format":"standard","meta":{"footnotes":""},"categories":[1],"tags":[],"class_list":["post-5903","post","type-post","status-publish","format-standard","hentry","category-publicaciones-blog"],"_links":{"self":[{"href":"https:\/\/blogs.deusto.es\/magis\/wp-json\/wp\/v2\/posts\/5903","targetHints":{"allow":["GET"]}}],"collection":[{"href":"https:\/\/blogs.deusto.es\/magis\/wp-json\/wp\/v2\/posts"}],"about":[{"href":"https:\/\/blogs.deusto.es\/magis\/wp-json\/wp\/v2\/types\/post"}],"author":[{"embeddable":true,"href":"https:\/\/blogs.deusto.es\/magis\/wp-json\/wp\/v2\/users\/386"}],"replies":[{"embeddable":true,"href":"https:\/\/blogs.deusto.es\/magis\/wp-json\/wp\/v2\/comments?post=5903"}],"version-history":[{"count":1,"href":"https:\/\/blogs.deusto.es\/magis\/wp-json\/wp\/v2\/posts\/5903\/revisions"}],"predecessor-version":[{"id":5905,"href":"https:\/\/blogs.deusto.es\/magis\/wp-json\/wp\/v2\/posts\/5903\/revisions\/5905"}],"wp:attachment":[{"href":"https:\/\/blogs.deusto.es\/magis\/wp-json\/wp\/v2\/media?parent=5903"}],"wp:term":[{"taxonomy":"category","embeddable":true,"href":"https:\/\/blogs.deusto.es\/magis\/wp-json\/wp\/v2\/categories?post=5903"},{"taxonomy":"post_tag","embeddable":true,"href":"https:\/\/blogs.deusto.es\/magis\/wp-json\/wp\/v2\/tags?post=5903"}],"curies":[{"name":"wp","href":"https:\/\/api.w.org\/{rel}","templated":true}]}}