{"id":5906,"date":"2024-11-30T10:04:10","date_gmt":"2024-11-30T08:04:10","guid":{"rendered":"https:\/\/blogs.deusto.es\/magis\/?p=5906"},"modified":"2024-11-30T10:04:10","modified_gmt":"2024-11-30T08:04:10","slug":"desenredados","status":"publish","type":"post","link":"https:\/\/blogs.deusto.es\/magis\/desenredados\/","title":{"rendered":"(Des)enredados"},"content":{"rendered":"\n<p><a href=\"https:\/\/www.misadecadadia.es\/read.html\">30 de noviembre. S\u00e1bado de la XXXIV semana del tiempo ordinario<\/a> San Andr\u00e9s, ap\u00f3stol<\/p>\n\n\n\n<p>Vivimos en un mundo que nos enreda para asegurar lo que tenemos, a aferrarnos a lo conocido y a planificar cada paso. Sin embargo, tambi\u00e9n hay momentos en los que surge una llamada inesperada, algo especial que nos invita a dejar nuestras redes y aventurarnos en lo desconocido. <\/p>\n\n\n\n<p>El Evangelio de hoy nos muestra a Jes\u00fas llamando a sus primeros disc\u00edpulos, a quienes invita a seguirle. Dejan atr\u00e1s sus redes, su barca, incluso a su familia, porque descubren que lo que Jes\u00fas ofrece merece m\u00e1s la pena.<\/p>\n\n\n\n<p>A veces nos enredamos en la vida de tal manera que nos despistamos de lo importante. Hoy podr\u00edamos detectar esas redes que nos impiden caminar con m\u00e1s libertad y alegr\u00eda. Hoy tambi\u00e9n podr\u00edamos mirar que no es un camino individual, sino compartido con otros. Feliz s\u00e1bado.<\/p>\n\n\n\n<figure class=\"wp-block-image size-full\"><a href=\"https:\/\/blogs.deusto.es\/wp-content\/uploads\/sites\/26\/2024\/11\/image-29.png\"><img fetchpriority=\"high\" decoding=\"async\" width=\"772\" height=\"777\" src=\"https:\/\/blogs.deusto.es\/wp-content\/uploads\/sites\/26\/2024\/11\/image-29.png\" alt=\"\" class=\"wp-image-5907\" srcset=\"https:\/\/blogs.deusto.es\/wp-content\/uploads\/sites\/26\/2024\/11\/image-29.png 772w, https:\/\/blogs.deusto.es\/wp-content\/uploads\/sites\/26\/2024\/11\/image-29-298x300.png 298w, https:\/\/blogs.deusto.es\/wp-content\/uploads\/sites\/26\/2024\/11\/image-29-150x150.png 150w, https:\/\/blogs.deusto.es\/wp-content\/uploads\/sites\/26\/2024\/11\/image-29-768x773.png 768w\" sizes=\"(max-width: 772px) 100vw, 772px\" \/><\/a><\/figure>\n","protected":false},"excerpt":{"rendered":"<p>30 de noviembre. S\u00e1bado de la XXXIV semana del tiempo ordinario San Andr\u00e9s, ap\u00f3stol Vivimos en un mundo que nos enreda para asegurar lo que tenemos, a aferrarnos a lo conocido y a planificar cada paso. Sin embargo, tambi\u00e9n hay &hellip; <a href=\"https:\/\/blogs.deusto.es\/magis\/desenredados\/\">Sigue leyendo <span class=\"meta-nav\">&rarr;<\/span><\/a><\/p>\n","protected":false},"author":386,"featured_media":0,"comment_status":"open","ping_status":"open","sticky":false,"template":"","format":"standard","meta":{"footnotes":""},"categories":[1],"tags":[],"class_list":["post-5906","post","type-post","status-publish","format-standard","hentry","category-publicaciones-blog"],"_links":{"self":[{"href":"https:\/\/blogs.deusto.es\/magis\/wp-json\/wp\/v2\/posts\/5906","targetHints":{"allow":["GET"]}}],"collection":[{"href":"https:\/\/blogs.deusto.es\/magis\/wp-json\/wp\/v2\/posts"}],"about":[{"href":"https:\/\/blogs.deusto.es\/magis\/wp-json\/wp\/v2\/types\/post"}],"author":[{"embeddable":true,"href":"https:\/\/blogs.deusto.es\/magis\/wp-json\/wp\/v2\/users\/386"}],"replies":[{"embeddable":true,"href":"https:\/\/blogs.deusto.es\/magis\/wp-json\/wp\/v2\/comments?post=5906"}],"version-history":[{"count":1,"href":"https:\/\/blogs.deusto.es\/magis\/wp-json\/wp\/v2\/posts\/5906\/revisions"}],"predecessor-version":[{"id":5908,"href":"https:\/\/blogs.deusto.es\/magis\/wp-json\/wp\/v2\/posts\/5906\/revisions\/5908"}],"wp:attachment":[{"href":"https:\/\/blogs.deusto.es\/magis\/wp-json\/wp\/v2\/media?parent=5906"}],"wp:term":[{"taxonomy":"category","embeddable":true,"href":"https:\/\/blogs.deusto.es\/magis\/wp-json\/wp\/v2\/categories?post=5906"},{"taxonomy":"post_tag","embeddable":true,"href":"https:\/\/blogs.deusto.es\/magis\/wp-json\/wp\/v2\/tags?post=5906"}],"curies":[{"name":"wp","href":"https:\/\/api.w.org\/{rel}","templated":true}]}}