{"id":5923,"date":"2024-12-06T08:36:11","date_gmt":"2024-12-06T06:36:11","guid":{"rendered":"https:\/\/blogs.deusto.es\/magis\/?p=5923"},"modified":"2024-12-06T08:36:11","modified_gmt":"2024-12-06T06:36:11","slug":"ciegos","status":"publish","type":"post","link":"https:\/\/blogs.deusto.es\/magis\/ciegos\/","title":{"rendered":"Ciegos"},"content":{"rendered":"\n<p><a href=\"https:\/\/www.misadecadadia.es\/read.html\">6 de diciembre Viernes I semana de Adviento<\/a><\/p>\n\n\n\n<p>En nuestra sociedad actual la tecnolog\u00eda y herramientas como las redes sociales y la tecnolog\u00eda nos mantienen constantemente conectados.  A su vez parece que las pantallas nos ciegan  ante las necesidades m\u00e1s profundas de quienes nos rodean y de nosotros mismos.<\/p>\n\n\n\n<p>El relato nos muestra c\u00f3mo la fe de estos dos hombres no solo les devolvi\u00f3 la vista f\u00edsica, sino que les permiti\u00f3 reconocer en Jes\u00fas algo m\u00e1s grande que un simple sanador. Su experiencia nos ense\u00f1a que la verdadera transformaci\u00f3n comienza cuando nos atrevemos a creer, cuando nos abrimos a la posibilidad de ver la realidad con otros ojos.<\/p>\n\n\n\n<p>Hoy podr\u00edamos apartar la mirada de las pantallas que nos ciegan y mirar la vida con otros ojos. Se trata de dejar que la experiencia profunda de fe  sea la que nos ayude abordar aquellas \u00e1reas de tu vida donde quiz\u00e1s necesiten una nueva perspectiva o un cambio de visi\u00f3n. Feliz viernes.<\/p>\n\n\n\n<figure class=\"wp-block-image size-full\"><a href=\"https:\/\/blogs.deusto.es\/wp-content\/uploads\/sites\/26\/2024\/12\/image-4.png\"><img fetchpriority=\"high\" decoding=\"async\" width=\"626\" height=\"417\" src=\"https:\/\/blogs.deusto.es\/wp-content\/uploads\/sites\/26\/2024\/12\/image-4.png\" alt=\"\" class=\"wp-image-5924\" srcset=\"https:\/\/blogs.deusto.es\/wp-content\/uploads\/sites\/26\/2024\/12\/image-4.png 626w, https:\/\/blogs.deusto.es\/wp-content\/uploads\/sites\/26\/2024\/12\/image-4-300x200.png 300w\" sizes=\"(max-width: 626px) 100vw, 626px\" \/><\/a><\/figure>\n","protected":false},"excerpt":{"rendered":"<p>6 de diciembre Viernes I semana de Adviento En nuestra sociedad actual la tecnolog\u00eda y herramientas como las redes sociales y la tecnolog\u00eda nos mantienen constantemente conectados. A su vez parece que las pantallas nos ciegan ante las necesidades m\u00e1s &hellip; <a href=\"https:\/\/blogs.deusto.es\/magis\/ciegos\/\">Sigue leyendo <span class=\"meta-nav\">&rarr;<\/span><\/a><\/p>\n","protected":false},"author":386,"featured_media":0,"comment_status":"open","ping_status":"open","sticky":false,"template":"","format":"standard","meta":{"footnotes":""},"categories":[1],"tags":[],"class_list":["post-5923","post","type-post","status-publish","format-standard","hentry","category-publicaciones-blog"],"_links":{"self":[{"href":"https:\/\/blogs.deusto.es\/magis\/wp-json\/wp\/v2\/posts\/5923","targetHints":{"allow":["GET"]}}],"collection":[{"href":"https:\/\/blogs.deusto.es\/magis\/wp-json\/wp\/v2\/posts"}],"about":[{"href":"https:\/\/blogs.deusto.es\/magis\/wp-json\/wp\/v2\/types\/post"}],"author":[{"embeddable":true,"href":"https:\/\/blogs.deusto.es\/magis\/wp-json\/wp\/v2\/users\/386"}],"replies":[{"embeddable":true,"href":"https:\/\/blogs.deusto.es\/magis\/wp-json\/wp\/v2\/comments?post=5923"}],"version-history":[{"count":1,"href":"https:\/\/blogs.deusto.es\/magis\/wp-json\/wp\/v2\/posts\/5923\/revisions"}],"predecessor-version":[{"id":5925,"href":"https:\/\/blogs.deusto.es\/magis\/wp-json\/wp\/v2\/posts\/5923\/revisions\/5925"}],"wp:attachment":[{"href":"https:\/\/blogs.deusto.es\/magis\/wp-json\/wp\/v2\/media?parent=5923"}],"wp:term":[{"taxonomy":"category","embeddable":true,"href":"https:\/\/blogs.deusto.es\/magis\/wp-json\/wp\/v2\/categories?post=5923"},{"taxonomy":"post_tag","embeddable":true,"href":"https:\/\/blogs.deusto.es\/magis\/wp-json\/wp\/v2\/tags?post=5923"}],"curies":[{"name":"wp","href":"https:\/\/api.w.org\/{rel}","templated":true}]}}