{"id":5926,"date":"2024-12-07T09:58:54","date_gmt":"2024-12-07T07:58:54","guid":{"rendered":"https:\/\/blogs.deusto.es\/magis\/?p=5926"},"modified":"2024-12-07T09:58:54","modified_gmt":"2024-12-07T07:58:54","slug":"trabajadores-para-la-mies-3","status":"publish","type":"post","link":"https:\/\/blogs.deusto.es\/magis\/trabajadores-para-la-mies-3\/","title":{"rendered":"Trabajadores para la mies"},"content":{"rendered":"\n<p><a href=\"https:\/\/www.misadecadadia.es\/read.html\">7 de diciembre S\u00e1bado I semana de Adviento<\/a><\/p>\n\n\n\n<p>Nuestra mirada al mundo encuentra un clamor pidiendo ayuda. Entre guerras, injusticias y otras cat\u00e1strofes demasiada humanidad sufre demasiado. La humanidad, la mies necesita de trabajadores que humanicen este mundo nuestro.<\/p>\n\n\n\n<p>Jes\u00fas est\u00e1 en contacto con la gente que est\u00e1 extenuada y abandonada. Jes\u00fas siente compasi\u00f3n y surge el momento en que Jes\u00fas pide oraci\u00f3n para que haya trabajadores en la mies. Es la llamada del Evangelio que responde a la llamada de la situaci\u00f3n de la gente. <\/p>\n\n\n\n<p>A veces somos nosotros los llamados a trabajr, pero todos estamos llamados a rogar al Padre para pedir trabajadores para la mies. Se trata de caer en la cuenta de las situaciones que vive la gente en nuestro entorno y m\u00e1s all\u00e1 que necesitan de manos para mejorar su vida. Feliz s\u00e1bado.<\/p>\n\n\n\n<p> <\/p>\n\n\n\n<figure class=\"wp-block-image size-large\"><a href=\"https:\/\/blogs.deusto.es\/wp-content\/uploads\/sites\/26\/2024\/12\/image-5.png\"><img fetchpriority=\"high\" decoding=\"async\" width=\"683\" height=\"1024\" src=\"https:\/\/blogs.deusto.es\/wp-content\/uploads\/sites\/26\/2024\/12\/image-5-683x1024.png\" alt=\"\" class=\"wp-image-5927\" srcset=\"https:\/\/blogs.deusto.es\/wp-content\/uploads\/sites\/26\/2024\/12\/image-5-683x1024.png 683w, https:\/\/blogs.deusto.es\/wp-content\/uploads\/sites\/26\/2024\/12\/image-5-200x300.png 200w, https:\/\/blogs.deusto.es\/wp-content\/uploads\/sites\/26\/2024\/12\/image-5-768x1152.png 768w, https:\/\/blogs.deusto.es\/wp-content\/uploads\/sites\/26\/2024\/12\/image-5.png 1000w\" sizes=\"(max-width: 683px) 100vw, 683px\" \/><\/a><\/figure>\n\n\n\n<p><\/p>\n","protected":false},"excerpt":{"rendered":"<p>7 de diciembre S\u00e1bado I semana de Adviento Nuestra mirada al mundo encuentra un clamor pidiendo ayuda. Entre guerras, injusticias y otras cat\u00e1strofes demasiada humanidad sufre demasiado. La humanidad, la mies necesita de trabajadores que humanicen este mundo nuestro. Jes\u00fas &hellip; <a href=\"https:\/\/blogs.deusto.es\/magis\/trabajadores-para-la-mies-3\/\">Sigue leyendo <span class=\"meta-nav\">&rarr;<\/span><\/a><\/p>\n","protected":false},"author":386,"featured_media":0,"comment_status":"open","ping_status":"open","sticky":false,"template":"","format":"standard","meta":{"footnotes":""},"categories":[1],"tags":[],"class_list":["post-5926","post","type-post","status-publish","format-standard","hentry","category-publicaciones-blog"],"_links":{"self":[{"href":"https:\/\/blogs.deusto.es\/magis\/wp-json\/wp\/v2\/posts\/5926","targetHints":{"allow":["GET"]}}],"collection":[{"href":"https:\/\/blogs.deusto.es\/magis\/wp-json\/wp\/v2\/posts"}],"about":[{"href":"https:\/\/blogs.deusto.es\/magis\/wp-json\/wp\/v2\/types\/post"}],"author":[{"embeddable":true,"href":"https:\/\/blogs.deusto.es\/magis\/wp-json\/wp\/v2\/users\/386"}],"replies":[{"embeddable":true,"href":"https:\/\/blogs.deusto.es\/magis\/wp-json\/wp\/v2\/comments?post=5926"}],"version-history":[{"count":1,"href":"https:\/\/blogs.deusto.es\/magis\/wp-json\/wp\/v2\/posts\/5926\/revisions"}],"predecessor-version":[{"id":5928,"href":"https:\/\/blogs.deusto.es\/magis\/wp-json\/wp\/v2\/posts\/5926\/revisions\/5928"}],"wp:attachment":[{"href":"https:\/\/blogs.deusto.es\/magis\/wp-json\/wp\/v2\/media?parent=5926"}],"wp:term":[{"taxonomy":"category","embeddable":true,"href":"https:\/\/blogs.deusto.es\/magis\/wp-json\/wp\/v2\/categories?post=5926"},{"taxonomy":"post_tag","embeddable":true,"href":"https:\/\/blogs.deusto.es\/magis\/wp-json\/wp\/v2\/tags?post=5926"}],"curies":[{"name":"wp","href":"https:\/\/api.w.org\/{rel}","templated":true}]}}