{"id":7436,"date":"2026-04-26T09:04:46","date_gmt":"2026-04-26T07:04:46","guid":{"rendered":"https:\/\/blogs.deusto.es\/magis\/?p=7436"},"modified":"2026-04-26T09:04:46","modified_gmt":"2026-04-26T07:04:46","slug":"el-pastor-que-cuida","status":"publish","type":"post","link":"https:\/\/blogs.deusto.es\/magis\/el-pastor-que-cuida\/","title":{"rendered":"El pastor que cuida"},"content":{"rendered":"\n<p><a href=\"https:\/\/www.misadecadadia.es\/read.html\">26 de abril. Domingo de la IV semana de Pascua<\/a><\/p>\n\n\n\n<p>El mundo premia al que escala, al que controla, al que llega el primero sin mirar atr\u00e1s. Pero hay otra forma de estar, m\u00e1s silenciosa y m\u00e1s honda, que empieza por conocer el nombre del que tienes al lado. La cultura del cuidado no hace ruido; simplemente no deja a nadie atr\u00e1s.<\/p>\n\n\n\n<p>El pastor del Evangelio no empuja ni encierra; llama, camina delante y abre puertas. No viene a quedarse con nada, sino a dar; no a robar la vida, sino a que la vida crezca y se ensanche. Su voz se reconoce porque no enga\u00f1a y porque quienes la escuchan saben que no les va a abandonar.<\/p>\n\n\n\n<p>Hoy podr\u00edamos mirar c\u00f3mo acercarse a la vida de los dem\u00e1s, si por la puerta o saltando la valla. Se trata de profundizar en la cultura del cuidado, que es hacerse presente, escuchar, quedarse cuando cuesta, y acompa\u00f1ar. Feliz domingo.<\/p>\n\n\n\n<figure class=\"wp-block-image size-full\"><a href=\"https:\/\/blogs.deusto.es\/wp-content\/uploads\/sites\/26\/2026\/04\/image-21.png\"><img fetchpriority=\"high\" decoding=\"async\" width=\"1024\" height=\"559\" src=\"https:\/\/blogs.deusto.es\/wp-content\/uploads\/sites\/26\/2026\/04\/image-21.png\" alt=\"\" class=\"wp-image-7437\" srcset=\"https:\/\/blogs.deusto.es\/wp-content\/uploads\/sites\/26\/2026\/04\/image-21.png 1024w, https:\/\/blogs.deusto.es\/wp-content\/uploads\/sites\/26\/2026\/04\/image-21-300x164.png 300w, https:\/\/blogs.deusto.es\/wp-content\/uploads\/sites\/26\/2026\/04\/image-21-768x419.png 768w\" sizes=\"(max-width: 1024px) 100vw, 1024px\" \/><\/a><\/figure>\n","protected":false},"excerpt":{"rendered":"<p>26 de abril. Domingo de la IV semana de Pascua El mundo premia al que escala, al que controla, al que llega el primero sin mirar atr\u00e1s. Pero hay otra forma de estar, m\u00e1s silenciosa y m\u00e1s honda, que empieza &hellip; <a href=\"https:\/\/blogs.deusto.es\/magis\/el-pastor-que-cuida\/\">Sigue leyendo <span class=\"meta-nav\">&rarr;<\/span><\/a><\/p>\n","protected":false},"author":386,"featured_media":0,"comment_status":"open","ping_status":"open","sticky":false,"template":"","format":"standard","meta":{"footnotes":""},"categories":[1],"tags":[],"class_list":["post-7436","post","type-post","status-publish","format-standard","hentry","category-publicaciones-blog"],"_links":{"self":[{"href":"https:\/\/blogs.deusto.es\/magis\/wp-json\/wp\/v2\/posts\/7436","targetHints":{"allow":["GET"]}}],"collection":[{"href":"https:\/\/blogs.deusto.es\/magis\/wp-json\/wp\/v2\/posts"}],"about":[{"href":"https:\/\/blogs.deusto.es\/magis\/wp-json\/wp\/v2\/types\/post"}],"author":[{"embeddable":true,"href":"https:\/\/blogs.deusto.es\/magis\/wp-json\/wp\/v2\/users\/386"}],"replies":[{"embeddable":true,"href":"https:\/\/blogs.deusto.es\/magis\/wp-json\/wp\/v2\/comments?post=7436"}],"version-history":[{"count":1,"href":"https:\/\/blogs.deusto.es\/magis\/wp-json\/wp\/v2\/posts\/7436\/revisions"}],"predecessor-version":[{"id":7438,"href":"https:\/\/blogs.deusto.es\/magis\/wp-json\/wp\/v2\/posts\/7436\/revisions\/7438"}],"wp:attachment":[{"href":"https:\/\/blogs.deusto.es\/magis\/wp-json\/wp\/v2\/media?parent=7436"}],"wp:term":[{"taxonomy":"category","embeddable":true,"href":"https:\/\/blogs.deusto.es\/magis\/wp-json\/wp\/v2\/categories?post=7436"},{"taxonomy":"post_tag","embeddable":true,"href":"https:\/\/blogs.deusto.es\/magis\/wp-json\/wp\/v2\/tags?post=7436"}],"curies":[{"name":"wp","href":"https:\/\/api.w.org\/{rel}","templated":true}]}}