{"id":7439,"date":"2026-04-27T08:09:35","date_gmt":"2026-04-27T06:09:35","guid":{"rendered":"https:\/\/blogs.deusto.es\/magis\/?p=7439"},"modified":"2026-04-27T08:09:35","modified_gmt":"2026-04-27T06:09:35","slug":"jm-guibert-el-buen-pastor","status":"publish","type":"post","link":"https:\/\/blogs.deusto.es\/magis\/jm-guibert-el-buen-pastor\/","title":{"rendered":"JM Guibert, el Buen Pastor."},"content":{"rendered":"\n<p><a href=\"https:\/\/www.misadecadadia.es\/read.html\">27 de abril. Lunes de la IV semana de Pascua<\/a><\/p>\n\n\n\n<p>Ayer fallec\u00eda Jose Mari Guibert, jesuita, pero sobre todo conocido por su larga etapa como rector de la Universidad de Deusto. Muri\u00f3 a causa de un terrible c\u00e1ncer en el cerebro a los 63 a\u00f1os, poco antes de su cumplea\u00f1os. He tenido la suerte de haber vivido 15 a\u00f1os con \u00e9l.<\/p>\n\n\n\n<p>El Evangelio de hoy nos habla del Buen Pastor. Jose Mari, como jesuita, como sacerdote y sobre todo desde su humanidad ha sido una persona que ha liderado, cuidado, inspirado a quienes est\u00e1bamos alrededor, desde una profunda experiencia del Evangelio.<\/p>\n\n\n\n<p>Hoy, en medio del dolor, solo podemos agradecer por toda su vida expresada en su vocaci\u00f3n de jesuita.  Recordaremos momentos, miraremos fotograf\u00edas y tendremos conversaciones sobre \u00e9l, pero lo importante, y esa es nuestra fe, es que ahora s\u00ed que s\u00ed, Jose Mari estar\u00e1 con el verdadero Buen Pastor. Egun handira arte.<\/p>\n\n\n\n<figure class=\"wp-block-image size-large\"><a href=\"https:\/\/blogs.deusto.es\/wp-content\/uploads\/sites\/26\/2026\/04\/IMG_4762.jpeg\"><img fetchpriority=\"high\" decoding=\"async\" width=\"768\" height=\"1024\" src=\"https:\/\/blogs.deusto.es\/wp-content\/uploads\/sites\/26\/2026\/04\/IMG_4762-768x1024.jpeg\" alt=\"\" class=\"wp-image-7440\" srcset=\"https:\/\/blogs.deusto.es\/wp-content\/uploads\/sites\/26\/2026\/04\/IMG_4762-768x1024.jpeg 768w, https:\/\/blogs.deusto.es\/wp-content\/uploads\/sites\/26\/2026\/04\/IMG_4762-225x300.jpeg 225w, https:\/\/blogs.deusto.es\/wp-content\/uploads\/sites\/26\/2026\/04\/IMG_4762-1152x1536.jpeg 1152w, https:\/\/blogs.deusto.es\/wp-content\/uploads\/sites\/26\/2026\/04\/IMG_4762.jpeg 1536w\" sizes=\"(max-width: 768px) 100vw, 768px\" \/><\/a><\/figure>\n","protected":false},"excerpt":{"rendered":"<p>27 de abril. Lunes de la IV semana de Pascua Ayer fallec\u00eda Jose Mari Guibert, jesuita, pero sobre todo conocido por su larga etapa como rector de la Universidad de Deusto. Muri\u00f3 a causa de un terrible c\u00e1ncer en el &hellip; <a href=\"https:\/\/blogs.deusto.es\/magis\/jm-guibert-el-buen-pastor\/\">Sigue leyendo <span class=\"meta-nav\">&rarr;<\/span><\/a><\/p>\n","protected":false},"author":386,"featured_media":0,"comment_status":"open","ping_status":"open","sticky":false,"template":"","format":"standard","meta":{"footnotes":""},"categories":[1],"tags":[],"class_list":["post-7439","post","type-post","status-publish","format-standard","hentry","category-publicaciones-blog"],"_links":{"self":[{"href":"https:\/\/blogs.deusto.es\/magis\/wp-json\/wp\/v2\/posts\/7439","targetHints":{"allow":["GET"]}}],"collection":[{"href":"https:\/\/blogs.deusto.es\/magis\/wp-json\/wp\/v2\/posts"}],"about":[{"href":"https:\/\/blogs.deusto.es\/magis\/wp-json\/wp\/v2\/types\/post"}],"author":[{"embeddable":true,"href":"https:\/\/blogs.deusto.es\/magis\/wp-json\/wp\/v2\/users\/386"}],"replies":[{"embeddable":true,"href":"https:\/\/blogs.deusto.es\/magis\/wp-json\/wp\/v2\/comments?post=7439"}],"version-history":[{"count":1,"href":"https:\/\/blogs.deusto.es\/magis\/wp-json\/wp\/v2\/posts\/7439\/revisions"}],"predecessor-version":[{"id":7441,"href":"https:\/\/blogs.deusto.es\/magis\/wp-json\/wp\/v2\/posts\/7439\/revisions\/7441"}],"wp:attachment":[{"href":"https:\/\/blogs.deusto.es\/magis\/wp-json\/wp\/v2\/media?parent=7439"}],"wp:term":[{"taxonomy":"category","embeddable":true,"href":"https:\/\/blogs.deusto.es\/magis\/wp-json\/wp\/v2\/categories?post=7439"},{"taxonomy":"post_tag","embeddable":true,"href":"https:\/\/blogs.deusto.es\/magis\/wp-json\/wp\/v2\/tags?post=7439"}],"curies":[{"name":"wp","href":"https:\/\/api.w.org\/{rel}","templated":true}]}}