{"id":7442,"date":"2026-04-28T07:59:01","date_gmt":"2026-04-28T05:59:01","guid":{"rendered":"https:\/\/blogs.deusto.es\/magis\/?p=7442"},"modified":"2026-04-28T07:59:01","modified_gmt":"2026-04-28T05:59:01","slug":"somos-uno-3","status":"publish","type":"post","link":"https:\/\/blogs.deusto.es\/magis\/somos-uno-3\/","title":{"rendered":"Somos uno"},"content":{"rendered":"\n<p><a href=\"https:\/\/www.misadecadadia.es\/read.html\">28 de abril. Martes de la IV semana de Pascua<\/a><\/p>\n\n\n\n<p>En un mundo marcado por la polarizaci\u00f3n y la desconfianza, cuesta creer que lo que le ocurre al otro tambi\u00e9n nos ocurre a nosotros. Las redes sociales multiplican las voces, pero no siempre acercan a las personas. Sin embargo, la experiencia cotidiana nos demuestra que ninguna vida es una isla.<\/p>\n\n\n\n<p>Jes\u00fas, caminando por el p\u00f3rtico de Salom\u00f3n, responde a quienes le exigen certezas con una imagen de profunda pertenencia mutua. Sus ovejas escuchan su voz, \u00e9l las conoce, ellas le siguen y nadie puede arrebatarlas de su mano. La uni\u00f3n entre \u00e9l y el Padre no es un dato abstracto, sino la ra\u00edz de una vida que se comparte y se sostiene desde dentro.<\/p>\n\n\n\n<p>Somos m\u00e1s fuertes cuando reconocemos que estamos tejidos los unos en los otros. El dolor ajeno nos interpela y la alegr\u00eda del otro nos ensancha por dentro. Intentemos vivir desde esa conciencia de que en realidad todos somos uno. Feliz martes.<\/p>\n\n\n\n<figure class=\"wp-block-image size-full\"><a href=\"https:\/\/blogs.deusto.es\/wp-content\/uploads\/sites\/26\/2026\/04\/image-22.png\"><img fetchpriority=\"high\" decoding=\"async\" width=\"1024\" height=\"559\" src=\"https:\/\/blogs.deusto.es\/wp-content\/uploads\/sites\/26\/2026\/04\/image-22.png\" alt=\"\" class=\"wp-image-7443\" srcset=\"https:\/\/blogs.deusto.es\/wp-content\/uploads\/sites\/26\/2026\/04\/image-22.png 1024w, https:\/\/blogs.deusto.es\/wp-content\/uploads\/sites\/26\/2026\/04\/image-22-300x164.png 300w, https:\/\/blogs.deusto.es\/wp-content\/uploads\/sites\/26\/2026\/04\/image-22-768x419.png 768w\" sizes=\"(max-width: 1024px) 100vw, 1024px\" \/><\/a><\/figure>\n","protected":false},"excerpt":{"rendered":"<p>28 de abril. Martes de la IV semana de Pascua En un mundo marcado por la polarizaci\u00f3n y la desconfianza, cuesta creer que lo que le ocurre al otro tambi\u00e9n nos ocurre a nosotros. Las redes sociales multiplican las voces, &hellip; <a href=\"https:\/\/blogs.deusto.es\/magis\/somos-uno-3\/\">Sigue leyendo <span class=\"meta-nav\">&rarr;<\/span><\/a><\/p>\n","protected":false},"author":386,"featured_media":0,"comment_status":"open","ping_status":"open","sticky":false,"template":"","format":"standard","meta":{"footnotes":""},"categories":[1],"tags":[],"class_list":["post-7442","post","type-post","status-publish","format-standard","hentry","category-publicaciones-blog"],"_links":{"self":[{"href":"https:\/\/blogs.deusto.es\/magis\/wp-json\/wp\/v2\/posts\/7442","targetHints":{"allow":["GET"]}}],"collection":[{"href":"https:\/\/blogs.deusto.es\/magis\/wp-json\/wp\/v2\/posts"}],"about":[{"href":"https:\/\/blogs.deusto.es\/magis\/wp-json\/wp\/v2\/types\/post"}],"author":[{"embeddable":true,"href":"https:\/\/blogs.deusto.es\/magis\/wp-json\/wp\/v2\/users\/386"}],"replies":[{"embeddable":true,"href":"https:\/\/blogs.deusto.es\/magis\/wp-json\/wp\/v2\/comments?post=7442"}],"version-history":[{"count":1,"href":"https:\/\/blogs.deusto.es\/magis\/wp-json\/wp\/v2\/posts\/7442\/revisions"}],"predecessor-version":[{"id":7444,"href":"https:\/\/blogs.deusto.es\/magis\/wp-json\/wp\/v2\/posts\/7442\/revisions\/7444"}],"wp:attachment":[{"href":"https:\/\/blogs.deusto.es\/magis\/wp-json\/wp\/v2\/media?parent=7442"}],"wp:term":[{"taxonomy":"category","embeddable":true,"href":"https:\/\/blogs.deusto.es\/magis\/wp-json\/wp\/v2\/categories?post=7442"},{"taxonomy":"post_tag","embeddable":true,"href":"https:\/\/blogs.deusto.es\/magis\/wp-json\/wp\/v2\/tags?post=7442"}],"curies":[{"name":"wp","href":"https:\/\/api.w.org\/{rel}","templated":true}]}}