{"id":7445,"date":"2026-04-29T08:06:07","date_gmt":"2026-04-29T06:06:07","guid":{"rendered":"https:\/\/blogs.deusto.es\/magis\/?p=7445"},"modified":"2026-04-29T08:06:07","modified_gmt":"2026-04-29T06:06:07","slug":"descanso-para-los-cansados","status":"publish","type":"post","link":"https:\/\/blogs.deusto.es\/magis\/descanso-para-los-cansados\/","title":{"rendered":"Descanso para los cansados."},"content":{"rendered":"\n<p><a href=\"https:\/\/www.misadecadadia.es\/read.html\">29 de abril. Mi\u00e9rcoles de la IV semana de Pascua<\/a>. Santa Catalina de Siena, virgen y doctora de la Iglesia, patrona de Europa<\/p>\n\n\n\n<p>Vivimos tiempos en que Europa busca su alma entre tensiones pol\u00edticas, fracturas sociales y una sed de sentido. Catalina de Siena, patrona del continente, en el siglo XIV supo hablar con reyes y papas desde la fuerza de quien no tiene nada que demostrar. Hoy su fiesta nos recuerda que los grandes cambios hist\u00f3ricos nacen a menudo de personas peque\u00f1as y valientes.<\/p>\n\n\n\n<p>Lo esencial no llega por acumulaci\u00f3n de experiencias, sino por la apertura sencilla del coraz\u00f3n. A quien est\u00e1 cansado, Jes\u00fas le ofrece descanso, no m\u00e1s exigencias. El yugo que Jes\u00fas propone es ligero porque lo sostiene una presencia que acompa\u00f1a.<\/p>\n\n\n\n<p>Tratemos hoy de soltar algo de lo que llevamos encima, intentemos caminar con menos peso y m\u00e1s confianza. Se trata de esa confianza que nos descansa, que nos dice que estamos acompa\u00f1ados y que descarga nuestros agobios.Feliz mi\u00e9rcoles.<\/p>\n\n\n\n<figure class=\"wp-block-image size-full\"><a href=\"https:\/\/blogs.deusto.es\/wp-content\/uploads\/sites\/26\/2026\/04\/image-23.png\"><img fetchpriority=\"high\" decoding=\"async\" width=\"1024\" height=\"559\" src=\"https:\/\/blogs.deusto.es\/wp-content\/uploads\/sites\/26\/2026\/04\/image-23.png\" alt=\"\" class=\"wp-image-7446\" srcset=\"https:\/\/blogs.deusto.es\/wp-content\/uploads\/sites\/26\/2026\/04\/image-23.png 1024w, https:\/\/blogs.deusto.es\/wp-content\/uploads\/sites\/26\/2026\/04\/image-23-300x164.png 300w, https:\/\/blogs.deusto.es\/wp-content\/uploads\/sites\/26\/2026\/04\/image-23-768x419.png 768w\" sizes=\"(max-width: 1024px) 100vw, 1024px\" \/><\/a><\/figure>\n","protected":false},"excerpt":{"rendered":"<p>29 de abril. Mi\u00e9rcoles de la IV semana de Pascua. Santa Catalina de Siena, virgen y doctora de la Iglesia, patrona de Europa Vivimos tiempos en que Europa busca su alma entre tensiones pol\u00edticas, fracturas sociales y una sed de &hellip; <a href=\"https:\/\/blogs.deusto.es\/magis\/descanso-para-los-cansados\/\">Sigue leyendo <span class=\"meta-nav\">&rarr;<\/span><\/a><\/p>\n","protected":false},"author":386,"featured_media":0,"comment_status":"open","ping_status":"open","sticky":false,"template":"","format":"standard","meta":{"footnotes":""},"categories":[1],"tags":[],"class_list":["post-7445","post","type-post","status-publish","format-standard","hentry","category-publicaciones-blog"],"_links":{"self":[{"href":"https:\/\/blogs.deusto.es\/magis\/wp-json\/wp\/v2\/posts\/7445","targetHints":{"allow":["GET"]}}],"collection":[{"href":"https:\/\/blogs.deusto.es\/magis\/wp-json\/wp\/v2\/posts"}],"about":[{"href":"https:\/\/blogs.deusto.es\/magis\/wp-json\/wp\/v2\/types\/post"}],"author":[{"embeddable":true,"href":"https:\/\/blogs.deusto.es\/magis\/wp-json\/wp\/v2\/users\/386"}],"replies":[{"embeddable":true,"href":"https:\/\/blogs.deusto.es\/magis\/wp-json\/wp\/v2\/comments?post=7445"}],"version-history":[{"count":1,"href":"https:\/\/blogs.deusto.es\/magis\/wp-json\/wp\/v2\/posts\/7445\/revisions"}],"predecessor-version":[{"id":7447,"href":"https:\/\/blogs.deusto.es\/magis\/wp-json\/wp\/v2\/posts\/7445\/revisions\/7447"}],"wp:attachment":[{"href":"https:\/\/blogs.deusto.es\/magis\/wp-json\/wp\/v2\/media?parent=7445"}],"wp:term":[{"taxonomy":"category","embeddable":true,"href":"https:\/\/blogs.deusto.es\/magis\/wp-json\/wp\/v2\/categories?post=7445"},{"taxonomy":"post_tag","embeddable":true,"href":"https:\/\/blogs.deusto.es\/magis\/wp-json\/wp\/v2\/tags?post=7445"}],"curies":[{"name":"wp","href":"https:\/\/api.w.org\/{rel}","templated":true}]}}