{"id":7448,"date":"2026-04-30T08:10:15","date_gmt":"2026-04-30T06:10:15","guid":{"rendered":"https:\/\/blogs.deusto.es\/magis\/?p=7448"},"modified":"2026-04-30T08:10:15","modified_gmt":"2026-04-30T06:10:15","slug":"enviados-a-servir","status":"publish","type":"post","link":"https:\/\/blogs.deusto.es\/magis\/enviados-a-servir\/","title":{"rendered":"Enviados a servir"},"content":{"rendered":"\n<p><a href=\"https:\/\/www.misadecadadia.es\/read.html\">30 de abril. Jueves de la IV semana de Pascua<\/a>. <\/p>\n\n\n\n<p>El mundo aplaude al que brilla, al que firma, al que ocupa el centro. Nos cuesta actuar desde la sombra, sin que nadie nos vea ni nos reconozca. La cultura del rendimiento personal convierte cada tarea en una oportunidad de lucimiento propio.<\/p>\n\n\n\n<p>Jes\u00fas les dice a los suyos algo sencillo y exigente a la vez: el que sirve no est\u00e1 por encima de quien le encarg\u00f3 la tarea. La grandeza no est\u00e1 en el rango sino en la fidelidad, aunque haya traici\u00f3n cerca y el futuro sea incierto. Recibir al enviado es recibir al que env\u00eda.<\/p>\n\n\n\n<p>Hoy podemos preguntarnos en nombre de qui\u00e9n vivimos y actuamos, si somos capaces de hacer el bien sin necesidad de que lleve nuestra firma. Ser enviados es una de las formas m\u00e1s bellas de existir, porque significa que alguien confi\u00f3 en nosotros lo suficiente como para ponernos en camino. Feliz jueves.<\/p>\n\n\n\n<figure class=\"wp-block-image size-full\"><a href=\"https:\/\/blogs.deusto.es\/wp-content\/uploads\/sites\/26\/2026\/04\/image-24.png\"><img fetchpriority=\"high\" decoding=\"async\" width=\"1024\" height=\"559\" src=\"https:\/\/blogs.deusto.es\/wp-content\/uploads\/sites\/26\/2026\/04\/image-24.png\" alt=\"\" class=\"wp-image-7449\" srcset=\"https:\/\/blogs.deusto.es\/wp-content\/uploads\/sites\/26\/2026\/04\/image-24.png 1024w, https:\/\/blogs.deusto.es\/wp-content\/uploads\/sites\/26\/2026\/04\/image-24-300x164.png 300w, https:\/\/blogs.deusto.es\/wp-content\/uploads\/sites\/26\/2026\/04\/image-24-768x419.png 768w\" sizes=\"(max-width: 1024px) 100vw, 1024px\" \/><\/a><\/figure>\n","protected":false},"excerpt":{"rendered":"<p>30 de abril. Jueves de la IV semana de Pascua. El mundo aplaude al que brilla, al que firma, al que ocupa el centro. Nos cuesta actuar desde la sombra, sin que nadie nos vea ni nos reconozca. La cultura &hellip; <a href=\"https:\/\/blogs.deusto.es\/magis\/enviados-a-servir\/\">Sigue leyendo <span class=\"meta-nav\">&rarr;<\/span><\/a><\/p>\n","protected":false},"author":386,"featured_media":0,"comment_status":"open","ping_status":"open","sticky":false,"template":"","format":"standard","meta":{"footnotes":""},"categories":[1],"tags":[],"class_list":["post-7448","post","type-post","status-publish","format-standard","hentry","category-publicaciones-blog"],"_links":{"self":[{"href":"https:\/\/blogs.deusto.es\/magis\/wp-json\/wp\/v2\/posts\/7448","targetHints":{"allow":["GET"]}}],"collection":[{"href":"https:\/\/blogs.deusto.es\/magis\/wp-json\/wp\/v2\/posts"}],"about":[{"href":"https:\/\/blogs.deusto.es\/magis\/wp-json\/wp\/v2\/types\/post"}],"author":[{"embeddable":true,"href":"https:\/\/blogs.deusto.es\/magis\/wp-json\/wp\/v2\/users\/386"}],"replies":[{"embeddable":true,"href":"https:\/\/blogs.deusto.es\/magis\/wp-json\/wp\/v2\/comments?post=7448"}],"version-history":[{"count":1,"href":"https:\/\/blogs.deusto.es\/magis\/wp-json\/wp\/v2\/posts\/7448\/revisions"}],"predecessor-version":[{"id":7450,"href":"https:\/\/blogs.deusto.es\/magis\/wp-json\/wp\/v2\/posts\/7448\/revisions\/7450"}],"wp:attachment":[{"href":"https:\/\/blogs.deusto.es\/magis\/wp-json\/wp\/v2\/media?parent=7448"}],"wp:term":[{"taxonomy":"category","embeddable":true,"href":"https:\/\/blogs.deusto.es\/magis\/wp-json\/wp\/v2\/categories?post=7448"},{"taxonomy":"post_tag","embeddable":true,"href":"https:\/\/blogs.deusto.es\/magis\/wp-json\/wp\/v2\/tags?post=7448"}],"curies":[{"name":"wp","href":"https:\/\/api.w.org\/{rel}","templated":true}]}}