{"id":7451,"date":"2026-05-01T07:41:25","date_gmt":"2026-05-01T05:41:25","guid":{"rendered":"https:\/\/blogs.deusto.es\/magis\/?p=7451"},"modified":"2026-05-01T07:41:25","modified_gmt":"2026-05-01T05:41:25","slug":"como-podemos-saber-el-camino-5","status":"publish","type":"post","link":"https:\/\/blogs.deusto.es\/magis\/como-podemos-saber-el-camino-5\/","title":{"rendered":"\u00bfC\u00f3mo podemos saber el camino?"},"content":{"rendered":"\n<p><a href=\"https:\/\/www.misadecadadia.es\/read.html\">1 de mayo. Viernes de la IV semana de Pascua<\/a>.<\/p>\n\n\n\n<p>Vivimos tiempos en que la pregunta de muchos es la misma: no sabemos ad\u00f3nde vamos ni qu\u00e9 nos espera ma\u00f1ana. La incertidumbre se ha instalado como compa\u00f1era cotidiana, en lo personal, en lo colectivo, en lo global. <\/p>\n\n\n\n<p>Tom\u00e1s se atrevi\u00f3 a decir en voz alta lo que los dem\u00e1s callaban: no sabemos el camino, no entendemos hacia d\u00f3nde vamos. Y precisamente esa pregunta sincera fue la que recibi\u00f3 la respuesta m\u00e1s honda de todo el evangelio. <\/p>\n\n\n\n<p>Hoy podr\u00edamos intentar hacer de Tom\u00e1s y hacer las preguntas que llevamos dentro sin haberlas formulado todav\u00eda. Reconocer que no sabemos el camino es el primer paso para ponernos a buscarlo juntos. Hoy es primero de mayo, un d\u00eda en el que nos unimos a las preguntas e incertidumbres de todos los trabjadores.  Feliz viernes.<\/p>\n\n\n\n<figure class=\"wp-block-image size-full\"><a href=\"https:\/\/blogs.deusto.es\/wp-content\/uploads\/sites\/26\/2026\/05\/image.png\"><img fetchpriority=\"high\" decoding=\"async\" width=\"1024\" height=\"559\" src=\"https:\/\/blogs.deusto.es\/wp-content\/uploads\/sites\/26\/2026\/05\/image.png\" alt=\"\" class=\"wp-image-7452\" srcset=\"https:\/\/blogs.deusto.es\/wp-content\/uploads\/sites\/26\/2026\/05\/image.png 1024w, https:\/\/blogs.deusto.es\/wp-content\/uploads\/sites\/26\/2026\/05\/image-300x164.png 300w, https:\/\/blogs.deusto.es\/wp-content\/uploads\/sites\/26\/2026\/05\/image-768x419.png 768w\" sizes=\"(max-width: 1024px) 100vw, 1024px\" \/><\/a><\/figure>\n","protected":false},"excerpt":{"rendered":"<p>1 de mayo. Viernes de la IV semana de Pascua. Vivimos tiempos en que la pregunta de muchos es la misma: no sabemos ad\u00f3nde vamos ni qu\u00e9 nos espera ma\u00f1ana. La incertidumbre se ha instalado como compa\u00f1era cotidiana, en lo &hellip; <a href=\"https:\/\/blogs.deusto.es\/magis\/como-podemos-saber-el-camino-5\/\">Sigue leyendo <span class=\"meta-nav\">&rarr;<\/span><\/a><\/p>\n","protected":false},"author":386,"featured_media":0,"comment_status":"open","ping_status":"open","sticky":false,"template":"","format":"standard","meta":{"footnotes":""},"categories":[1],"tags":[],"class_list":["post-7451","post","type-post","status-publish","format-standard","hentry","category-publicaciones-blog"],"_links":{"self":[{"href":"https:\/\/blogs.deusto.es\/magis\/wp-json\/wp\/v2\/posts\/7451","targetHints":{"allow":["GET"]}}],"collection":[{"href":"https:\/\/blogs.deusto.es\/magis\/wp-json\/wp\/v2\/posts"}],"about":[{"href":"https:\/\/blogs.deusto.es\/magis\/wp-json\/wp\/v2\/types\/post"}],"author":[{"embeddable":true,"href":"https:\/\/blogs.deusto.es\/magis\/wp-json\/wp\/v2\/users\/386"}],"replies":[{"embeddable":true,"href":"https:\/\/blogs.deusto.es\/magis\/wp-json\/wp\/v2\/comments?post=7451"}],"version-history":[{"count":1,"href":"https:\/\/blogs.deusto.es\/magis\/wp-json\/wp\/v2\/posts\/7451\/revisions"}],"predecessor-version":[{"id":7453,"href":"https:\/\/blogs.deusto.es\/magis\/wp-json\/wp\/v2\/posts\/7451\/revisions\/7453"}],"wp:attachment":[{"href":"https:\/\/blogs.deusto.es\/magis\/wp-json\/wp\/v2\/media?parent=7451"}],"wp:term":[{"taxonomy":"category","embeddable":true,"href":"https:\/\/blogs.deusto.es\/magis\/wp-json\/wp\/v2\/categories?post=7451"},{"taxonomy":"post_tag","embeddable":true,"href":"https:\/\/blogs.deusto.es\/magis\/wp-json\/wp\/v2\/tags?post=7451"}],"curies":[{"name":"wp","href":"https:\/\/api.w.org\/{rel}","templated":true}]}}