{"id":7457,"date":"2026-05-03T08:31:46","date_gmt":"2026-05-03T06:31:46","guid":{"rendered":"https:\/\/blogs.deusto.es\/magis\/?p=7457"},"modified":"2026-05-03T08:31:46","modified_gmt":"2026-05-03T06:31:46","slug":"vivan-nuestas-madres","status":"publish","type":"post","link":"https:\/\/blogs.deusto.es\/magis\/vivan-nuestas-madres\/","title":{"rendered":"Vivan nuestas madres"},"content":{"rendered":"\n<p><a href=\"https:\/\/www.misadecadadia.es\/read.html\">3 de mayo. Domingo de la V semana de Pascua<\/a><\/p>\n\n\n\n<p>Hay d\u00edas en que la vida nos pide detenernos a mirar lo que realmente importa. Hoy, D\u00eda de la Madre, es una buena ocasi\u00f3n para reconocer a quienes nos dieron origen, hogar y camino. En medio del ruido cotidiano, esta celebraci\u00f3n nos recuerda que hay v\u00ednculos que van m\u00e1s all\u00e1 de lo visible.<\/p>\n\n\n\n<p>Jes\u00fas responde a la inquietud de sus disc\u00edpulos con una promesa de presencia y destino compartido. No propone una doctrina abstracta sino una relaci\u00f3n viva, \u00e9l mismo es el camino, la verdad y la vida. <\/p>\n\n\n\n<p>Hoy celebramos a quienes fueron y son para nosotros camino, verdad y vida antes de que supi\u00e9ramos nombrarlo. Honremos su presencia con gestos concretos, con tiempo real, con palabras que no dejemos para despu\u00e9s. Que este domingo estemos m\u00e1s atentos a quienes nos hicieron quienes somos. Feliz domingo.<\/p>\n\n\n\n<figure class=\"wp-block-image size-full\"><a href=\"https:\/\/blogs.deusto.es\/wp-content\/uploads\/sites\/26\/2026\/05\/image-2.png\"><img fetchpriority=\"high\" decoding=\"async\" width=\"1024\" height=\"559\" src=\"https:\/\/blogs.deusto.es\/wp-content\/uploads\/sites\/26\/2026\/05\/image-2.png\" alt=\"\" class=\"wp-image-7458\" srcset=\"https:\/\/blogs.deusto.es\/wp-content\/uploads\/sites\/26\/2026\/05\/image-2.png 1024w, https:\/\/blogs.deusto.es\/wp-content\/uploads\/sites\/26\/2026\/05\/image-2-300x164.png 300w, https:\/\/blogs.deusto.es\/wp-content\/uploads\/sites\/26\/2026\/05\/image-2-768x419.png 768w\" sizes=\"(max-width: 1024px) 100vw, 1024px\" \/><\/a><\/figure>\n","protected":false},"excerpt":{"rendered":"<p>3 de mayo. Domingo de la V semana de Pascua Hay d\u00edas en que la vida nos pide detenernos a mirar lo que realmente importa. Hoy, D\u00eda de la Madre, es una buena ocasi\u00f3n para reconocer a quienes nos dieron &hellip; <a href=\"https:\/\/blogs.deusto.es\/magis\/vivan-nuestas-madres\/\">Sigue leyendo <span class=\"meta-nav\">&rarr;<\/span><\/a><\/p>\n","protected":false},"author":386,"featured_media":0,"comment_status":"open","ping_status":"open","sticky":false,"template":"","format":"standard","meta":{"footnotes":""},"categories":[1],"tags":[],"class_list":["post-7457","post","type-post","status-publish","format-standard","hentry","category-publicaciones-blog"],"_links":{"self":[{"href":"https:\/\/blogs.deusto.es\/magis\/wp-json\/wp\/v2\/posts\/7457","targetHints":{"allow":["GET"]}}],"collection":[{"href":"https:\/\/blogs.deusto.es\/magis\/wp-json\/wp\/v2\/posts"}],"about":[{"href":"https:\/\/blogs.deusto.es\/magis\/wp-json\/wp\/v2\/types\/post"}],"author":[{"embeddable":true,"href":"https:\/\/blogs.deusto.es\/magis\/wp-json\/wp\/v2\/users\/386"}],"replies":[{"embeddable":true,"href":"https:\/\/blogs.deusto.es\/magis\/wp-json\/wp\/v2\/comments?post=7457"}],"version-history":[{"count":1,"href":"https:\/\/blogs.deusto.es\/magis\/wp-json\/wp\/v2\/posts\/7457\/revisions"}],"predecessor-version":[{"id":7459,"href":"https:\/\/blogs.deusto.es\/magis\/wp-json\/wp\/v2\/posts\/7457\/revisions\/7459"}],"wp:attachment":[{"href":"https:\/\/blogs.deusto.es\/magis\/wp-json\/wp\/v2\/media?parent=7457"}],"wp:term":[{"taxonomy":"category","embeddable":true,"href":"https:\/\/blogs.deusto.es\/magis\/wp-json\/wp\/v2\/categories?post=7457"},{"taxonomy":"post_tag","embeddable":true,"href":"https:\/\/blogs.deusto.es\/magis\/wp-json\/wp\/v2\/tags?post=7457"}],"curies":[{"name":"wp","href":"https:\/\/api.w.org\/{rel}","templated":true}]}}