{"id":10417,"date":"2026-04-27T15:17:52","date_gmt":"2026-04-27T15:17:52","guid":{"rendered":"https:\/\/blogs.deusto.es\/viviendodeusto\/?p=10417"},"modified":"2026-04-27T15:26:34","modified_gmt":"2026-04-27T15:26:34","slug":"braulio-gomez-la-verguenza-de-los-ciudadanos-de-segunda-clase","status":"publish","type":"post","link":"https:\/\/blogs.deusto.es\/viviendodeusto\/eu\/2026\/04\/27\/braulio-gomez-la-verguenza-de-los-ciudadanos-de-segunda-clase\/","title":{"rendered":"Braulio G\u00f3mez: &#8220;La verg\u00fcenza de los ciudadanos de segunda clase&#8221;"},"content":{"rendered":"\n<p><strong>Art\u00edculo publicado en El Correo (27\/04\/2026)<\/strong><\/p>\n\n\n<div class=\"wp-block-image\">\n<figure class=\"alignleft size-full\"><img decoding=\"async\" width=\"220\" height=\"85\" src=\"https:\/\/blogs.deusto.es\/wp-content\/uploads\/sites\/78\/2022\/09\/Braulio-Gomez.jpg\" alt=\"Braulio G\u00f3mez\" class=\"wp-image-295\"\/><figcaption class=\"wp-element-caption\">Polit\u00f3logo<\/figcaption><\/figure>\n<\/div>\n\n\n<p>El \u00faltimo Soci\u00f3metro de Euskadi nos vuelve a mostrar la fotograf\u00eda conocida de la extrema derecha y sus valores sin ninguna posibilidad real de influir en las pol\u00edticas de nuestro territorio ni de formar parte de ning\u00fan gobierno a ning\u00fan nivel institucional. Vox, convertido en el Estado en el socio necesario para construir mayor\u00edas alternativas, sigue teniendo en Euskadi su peor caladero electoral y apenas sobrevive con un 2,9% de intenci\u00f3n de voto.<\/p>\n\n\n\n<p>A quienes auguraban que los partidos nacionalistas endurecer\u00edan su discurso sobre inmigraci\u00f3n por miedo a la aparici\u00f3n de fen\u00f3menos como la Plataforma per Catalunya o el modelo de Silvia Orriols, la realidad les est\u00e1 desmintiendo. Tanto la regulaci\u00f3n extraordinaria de inmigrantes como el debate sobre la llamada \u00abprioridad nacional\u00bb, esa preferencia de los nacionales frente a los inmigrantes en el acceso al Estado del bienestar, ha reforzado precisamente la posici\u00f3n contraria.<\/p>\n\n\n\n<p>La portavoz jeltzale en el Congreso llamaba inhumana y alejada de toda l\u00f3gica legal a esta discriminaci\u00f3n porque quienes vienen, trabajan y aportan tienen los mismos derechos y obligaciones que quienes viven y trabajan en Euskadi. Del mismo modo el lehendakari, en entrevista a este diario, situaba en las ant\u00edpodas del modelo de sociedad que defiende el acuerdo pol\u00edtico entre Partido Popular y Vox en territorios como Extremadura o Arag\u00f3n. La preocupaci\u00f3n de la ciudadan\u00eda vasca por la inmigraci\u00f3n ha descendido respecto al \u00faltimo Soci\u00f3metro coincidiendo con el anuncio de la regularizaci\u00f3n extraordinaria de alrededor de 25.000 inmigrantes en Euskadi que podr\u00e1n trabajar en condiciones legales, con los mismos derechos y obligaciones que el resto.<\/p>\n\n\n\n<p>En el \u00faltimo Deustobar\u00f3metro de invierno pregunt\u00e1bamos a la ciudadan\u00eda vasca hasta qu\u00e9 punto apoyaba que los inmigrantes legales tengan los mismos derechos y las mismas oportunidades que el resto de la poblaci\u00f3n. El consenso es casi un\u00e1nime en sanidad y educaci\u00f3n: apenas un 5% rechaza esa igualdad de acceso. La mayor\u00eda de votantes de todos los partidos vascos respalda esa posici\u00f3n.<\/p>\n\n\n\n<p>Solo en el electorado de Vox aparece una ruptura clara: un 38% rechaza esa igualdad b\u00e1sica.<\/p>\n\n\n\n<p>Cuando preguntamos por el acceso a ayudas sociales o a una vivienda protegida, la mayor\u00eda sigue estando a favor aunque las diferencias aumentan entre el electorado de los principales partidos. Entre los votantes del PP vasco, el 37% no estar\u00eda de acuerdo con que los inmigrantes accedieran en igualdad a las ayudas sociales. Entre los votantes de EH Bildu, PSE y Sumar, ese rechazo es residual. Y un 85% del electorado del PNV defiende la igualdad de derechos en el acceso a las ayudas sociales. En relaci\u00f3n al acceso a una vivienda protegida, el 91% de los votantes de Bildu defiende el principio de no discriminaci\u00f3n, alrededor del 80% del electorado tanto del PNV como del PSE y un 57% de los votantes del Partido Popular. La mayor\u00eda de los votantes de Vox, el 64% rechaza esta igualdad.<\/p>\n\n\n\n<p>La pregunta de fondo es sencilla: \u00bfcreemos que quienes viven legalmente aqu\u00ed deben tener los mismos derechos y las mismas posibilidades que el resto? Si la respuesta es s\u00ed, no hay mucho margen para la ambig\u00fcedad. No se puede defender la igualdad y, al mismo tiempo, aceptar que haya ciudadanos de primera y de segunda. Y no se puede invocar la convivencia mientras se normaliza la discriminaci\u00f3n. Por eso no resulta previsible que el Partido Nacionalista Vasco participe en pactos que reduzcan derechos o erosionen la igualdad de oportunidades en ninguna esfera. Porque m\u00e1s all\u00e1 de la aritm\u00e9tica parlamentaria hay una frontera moral que todav\u00eda importa.<\/p>\n","protected":false},"excerpt":{"rendered":"<p>Art\u00edculo publicado en El Correo (27\/04\/2026) El \u00faltimo Soci\u00f3metro de Euskadi nos vuelve a mostrar la fotograf\u00eda conocida de la extrema derecha y sus valores sin ninguna posibilidad real de influir en las pol\u00edticas de nuestro territorio ni de formar parte de ning\u00fan gobierno a ning\u00fan nivel institucional. Vox, convertido en el Estado en el [&hellip;]<\/p>\n","protected":false},"author":515,"featured_media":150,"comment_status":"open","ping_status":"open","sticky":false,"template":"","format":"standard","meta":{"_genesis_hide_title":false,"_genesis_hide_breadcrumbs":false,"_genesis_hide_singular_image":false,"_genesis_hide_footer_widgets":false,"_genesis_custom_body_class":"","_genesis_custom_post_class":"","_genesis_layout":"","footnotes":""},"categories":[37,11],"tags":[94],"class_list":{"0":"post-10417","1":"post","2":"type-post","3":"status-publish","4":"format-standard","5":"has-post-thumbnail","7":"category-opinion","8":"category-voces-expertas","9":"tag-braulio-gomez","10":"entry"},"_links":{"self":[{"href":"https:\/\/blogs.deusto.es\/viviendodeusto\/eu\/wp-json\/wp\/v2\/posts\/10417","targetHints":{"allow":["GET"]}}],"collection":[{"href":"https:\/\/blogs.deusto.es\/viviendodeusto\/eu\/wp-json\/wp\/v2\/posts"}],"about":[{"href":"https:\/\/blogs.deusto.es\/viviendodeusto\/eu\/wp-json\/wp\/v2\/types\/post"}],"author":[{"embeddable":true,"href":"https:\/\/blogs.deusto.es\/viviendodeusto\/eu\/wp-json\/wp\/v2\/users\/515"}],"replies":[{"embeddable":true,"href":"https:\/\/blogs.deusto.es\/viviendodeusto\/eu\/wp-json\/wp\/v2\/comments?post=10417"}],"version-history":[{"count":2,"href":"https:\/\/blogs.deusto.es\/viviendodeusto\/eu\/wp-json\/wp\/v2\/posts\/10417\/revisions"}],"predecessor-version":[{"id":10419,"href":"https:\/\/blogs.deusto.es\/viviendodeusto\/eu\/wp-json\/wp\/v2\/posts\/10417\/revisions\/10419"}],"wp:featuredmedia":[{"embeddable":true,"href":"https:\/\/blogs.deusto.es\/viviendodeusto\/eu\/wp-json\/wp\/v2\/media\/150"}],"wp:attachment":[{"href":"https:\/\/blogs.deusto.es\/viviendodeusto\/eu\/wp-json\/wp\/v2\/media?parent=10417"}],"wp:term":[{"taxonomy":"category","embeddable":true,"href":"https:\/\/blogs.deusto.es\/viviendodeusto\/eu\/wp-json\/wp\/v2\/categories?post=10417"},{"taxonomy":"post_tag","embeddable":true,"href":"https:\/\/blogs.deusto.es\/viviendodeusto\/eu\/wp-json\/wp\/v2\/tags?post=10417"}],"curies":[{"name":"wp","href":"https:\/\/api.w.org\/{rel}","templated":true}]}}