{"id":3452,"date":"2023-07-17T12:10:04","date_gmt":"2023-07-17T12:10:04","guid":{"rendered":"https:\/\/preblogs.deusto.es\/viviendodeusto\/?p=3452"},"modified":"2024-08-29T11:26:07","modified_gmt":"2024-08-29T11:26:07","slug":"manfred-nolte-el-sueno-del-empleo","status":"publish","type":"post","link":"https:\/\/blogs.deusto.es\/viviendodeusto\/eu\/2023\/07\/17\/manfred-nolte-el-sueno-del-empleo\/","title":{"rendered":"Manfred Nolte: &#8220;El sue\u00f1o del empleo&#8221;"},"content":{"rendered":"\n<p>Una soluci\u00f3n sostenible a nuestro paro estructural requerir\u00e1 una racionalizaci\u00f3n de las subvenciones y un enfoque radicalmente diferente de la educaci\u00f3n<\/p>\n\n\n\n<p><strong>Art\u00edculo publicado el El Correo (17\/07\/2023)<\/strong><\/p>\n\n\n<div class=\"wp-block-image\">\n<figure class=\"alignleft size-full\"><img decoding=\"async\" width=\"220\" height=\"85\" src=\"https:\/\/blogs.deusto.es\/alumni\/wp-content\/uploads\/sites\/78\/2022\/09\/Manfred-Noltr.jpg\" alt=\"\" class=\"wp-image-219\"\/><figcaption>Profesor de Deusto Business School<\/figcaption><\/figure>\n<\/div>\n\n\n<p>Hay algo en la gen\u00e9tica de nuestra estructura productiva que nos confina a los \u00faltimos lugares de la tabla del empleo de la OCDE, y en todo caso de la Uni\u00f3n Europea.<\/p>\n\n\n\n<p>Esa propensi\u00f3n excesiva al paro queda dibujada en el periodo que discurre entre 1984 y nuestros d\u00edas. Quitando el \u2018boom\u2019 de la construcci\u00f3n previo a la gran crisis de 2008, el paro se ha situado sistem\u00e1ticamente en nuestro pa\u00eds en niveles superiores al 15% con m\u00e1ximos del 27% en el primer trimestre de 2013. Lo que significa que nuestro desempleo es end\u00e9mico. Se trata de un paro estructural, que no responde a las variaciones c\u00edclicas cuando el PIB crece, desafiando de esa manera los postulados de Okun referidos al paro c\u00edclico o coyuntural. El desempleo estructural es un desempleo de larga duraci\u00f3n que se produce debido a carencias cualitativas en una econom\u00eda.<\/p>\n\n\n\n<p>La seria restricci\u00f3n que afecta a la nuestra ha sido analizada por instituciones internacionales como la Comisi\u00f3n Europea o el Fondo Monetario Internacional. Tambi\u00e9n por institutos de investigaci\u00f3n y centros de estudios cualificados de nuestro pa\u00eds. Con ligeras divergencias, todos ellos concluyen en que la capacidad de reducci\u00f3n de nuestro porcentaje de paro actual es muy escasa y que el sue\u00f1o del pleno empleo, el del 8% recientemente preconizado por la se\u00f1ora Calvi\u00f1o, es eso: una quimera de improbable cumplimiento.<\/p>\n\n\n\n<p>\u00bfCu\u00e1les son las principales causas de nuestro d\u00e9ficit estructural de ocupaci\u00f3n?<\/p>\n\n\n\n<p>En primer lugar, la Espa\u00f1a de las subvenciones. Son un poderoso anest\u00e9sico que ablanda la competitividad de los factores y demora \u2018sine die\u2019 la adopci\u00f3n de las necesarias reformas estructurales. En no pocos casos la subvenci\u00f3n estimula el llamado riesgo moral, que desalienta la b\u00fasqueda activa de trabajo. Este lamento es particularmente habitual en el sector de la hosteler\u00eda. Nuestro d\u00e9ficit hoy es del 4,8% del PIB y la deuda p\u00fablica est\u00e1 en un 113% del PIB. Desde 2019 cuando el d\u00e9ficit estaba en el 2,9% del PIB se ha disparado el gasto en un 5,5% del PIB, la gran mayor\u00eda en gasto social. Se trata de la financiaci\u00f3n de los macro tranquilizantes sociales. Pero hay un matiz importante: nuestro mayor gasto en r\u00fabricas como pensiones, desempleo, dependencia y otros de naturaleza social, es frecuentemente oportuno, pero es poco eficiente. Existe un consenso de que menores dotaciones a inversi\u00f3n y educaci\u00f3n se asocian, a medio plazo, con tasas inferiores de productividad de la econom\u00eda. La AIReF ha sido muy cr\u00edtica con las subvenciones, destacando la ausencia de vinculaci\u00f3n entre pol\u00edticas, planes sectoriales, programaci\u00f3n presupuestaria y planificaci\u00f3n estrat\u00e9gica de las mismas.<\/p>\n\n\n\n<p>En segundo t\u00e9rmino, nuestra fam\u00e9lica productividad laboral, cuya ra\u00edz es el mediocre nivel de capacidades de amplias capas de trabajadores. El sistema educativo espa\u00f1ol es pobre, no es lo suficientemente atractivo para evitar que un alto n\u00famero de estudiantes abandone las aulas, y no se ajusta a las necesidades de la producci\u00f3n. Las tasas de abandono escolar a nivel nacional se encuentran entre las m\u00e1s altas de la Uni\u00f3n Europea, cercanas al 40% de los j\u00f3venes entre 16 y 29 a\u00f1os. Dos tercios de los parados espa\u00f1oles no tienen formaci\u00f3n universitaria ni de FP. Tampoco existe una suficiente oferta de programas de formaci\u00f3n profesional para prepararlos para el desempe\u00f1o. Como ha ironizado Francisco Belil, \u00abla oferta y la demanda, cuando coinciden es por casualidad\u00bb. Lo anterior conduce a un descuadre severo porque, aunque las patronales se quejan reiteradamente de la existencia de un amplio n\u00famero de puestos de trabajo disponibles, e incluso los reclamen con vehemencia, se produce un desfase entre lo que las empresas necesitan y lo que ofrecen los trabajadores en paro. En el caso de Espa\u00f1a varios centenares de miles que no encuentran encaje en la nueva econom\u00eda digital, ecol\u00f3gica y de transformaci\u00f3n social. Pero que tampoco acceden a sectores demandantes netos como la hosteler\u00eda, el agro o el comercio. <\/p>\n\n\n\n<p>Una soluci\u00f3n sostenible de nuestro paro estructural requerir\u00e1 una racionalizaci\u00f3n de las subvenciones y un enfoque radicalmente diferente de la educaci\u00f3n y la formaci\u00f3n. Dicha reforma debe preparar el futuro de la oferta laboral con sentido de anticipaci\u00f3n y visi\u00f3n de la coyuntura.<\/p>\n\n\n\n<p>Como todos los temas estructurales, el remedio de este problema no es de corto plazo.<\/p>\n","protected":false},"excerpt":{"rendered":"<p>Una soluci\u00f3n sostenible a nuestro paro estructural requerir\u00e1 una racionalizaci\u00f3n de las subvenciones y un enfoque radicalmente diferente de la educaci\u00f3n Art\u00edculo publicado el El Correo (17\/07\/2023) Hay algo en la gen\u00e9tica de nuestra estructura productiva que nos confina a los \u00faltimos lugares de la tabla del empleo de la OCDE, y en todo caso [&hellip;]<\/p>\n","protected":false},"author":515,"featured_media":221,"comment_status":"open","ping_status":"open","sticky":false,"template":"","format":"standard","meta":{"_genesis_hide_title":false,"_genesis_hide_breadcrumbs":false,"_genesis_hide_singular_image":false,"_genesis_hide_footer_widgets":false,"_genesis_custom_body_class":"","_genesis_custom_post_class":"","_genesis_layout":"","footnotes":""},"categories":[37,11],"tags":[88],"class_list":{"0":"post-3452","1":"post","2":"type-post","3":"status-publish","4":"format-standard","5":"has-post-thumbnail","7":"category-opinion","8":"category-voces-expertas","9":"tag-manfred-nolte","10":"entry"},"_links":{"self":[{"href":"https:\/\/blogs.deusto.es\/viviendodeusto\/eu\/wp-json\/wp\/v2\/posts\/3452","targetHints":{"allow":["GET"]}}],"collection":[{"href":"https:\/\/blogs.deusto.es\/viviendodeusto\/eu\/wp-json\/wp\/v2\/posts"}],"about":[{"href":"https:\/\/blogs.deusto.es\/viviendodeusto\/eu\/wp-json\/wp\/v2\/types\/post"}],"author":[{"embeddable":true,"href":"https:\/\/blogs.deusto.es\/viviendodeusto\/eu\/wp-json\/wp\/v2\/users\/515"}],"replies":[{"embeddable":true,"href":"https:\/\/blogs.deusto.es\/viviendodeusto\/eu\/wp-json\/wp\/v2\/comments?post=3452"}],"version-history":[{"count":1,"href":"https:\/\/blogs.deusto.es\/viviendodeusto\/eu\/wp-json\/wp\/v2\/posts\/3452\/revisions"}],"predecessor-version":[{"id":3453,"href":"https:\/\/blogs.deusto.es\/viviendodeusto\/eu\/wp-json\/wp\/v2\/posts\/3452\/revisions\/3453"}],"wp:featuredmedia":[{"embeddable":true,"href":"https:\/\/blogs.deusto.es\/viviendodeusto\/eu\/wp-json\/wp\/v2\/media\/221"}],"wp:attachment":[{"href":"https:\/\/blogs.deusto.es\/viviendodeusto\/eu\/wp-json\/wp\/v2\/media?parent=3452"}],"wp:term":[{"taxonomy":"category","embeddable":true,"href":"https:\/\/blogs.deusto.es\/viviendodeusto\/eu\/wp-json\/wp\/v2\/categories?post=3452"},{"taxonomy":"post_tag","embeddable":true,"href":"https:\/\/blogs.deusto.es\/viviendodeusto\/eu\/wp-json\/wp\/v2\/tags?post=3452"}],"curies":[{"name":"wp","href":"https:\/\/api.w.org\/{rel}","templated":true}]}}