{"id":10420,"date":"2026-04-28T08:21:30","date_gmt":"2026-04-28T08:21:30","guid":{"rendered":"https:\/\/blogs.deusto.es\/viviendodeusto\/?p=10420"},"modified":"2026-04-28T08:21:33","modified_gmt":"2026-04-28T08:21:33","slug":"in-memoriam-jose-maria-guibert-ucin-sj-1962-2026","status":"publish","type":"post","link":"https:\/\/blogs.deusto.es\/viviendodeusto\/2026\/04\/28\/in-memoriam-jose-maria-guibert-ucin-sj-1962-2026\/","title":{"rendered":"In memoriam: Jos\u00e9 Mar\u00eda Guibert Uc\u00edn SJ (1962-2026)"},"content":{"rendered":"\n<figure class=\"wp-block-image size-full is-resized\"><img fetchpriority=\"high\" decoding=\"async\" width=\"818\" height=\"555\" src=\"https:\/\/blogs.deusto.es\/wp-content\/uploads\/sites\/78\/2026\/04\/image.jpeg\" alt=\"\" class=\"wp-image-10421\" style=\"aspect-ratio:1.473926632669847;width:827px;height:auto\" srcset=\"https:\/\/blogs.deusto.es\/wp-content\/uploads\/sites\/78\/2026\/04\/image.jpeg 818w, https:\/\/blogs.deusto.es\/wp-content\/uploads\/sites\/78\/2026\/04\/image-300x204.jpeg 300w, https:\/\/blogs.deusto.es\/wp-content\/uploads\/sites\/78\/2026\/04\/image-768x521.jpeg 768w\" sizes=\"(max-width: 818px) 100vw, 818px\" \/><\/figure>\n\n\n\n<p><strong>Art\u00edculo publicado en el Correo (28\/04\/2026). <\/strong><\/p>\n\n\n<div class=\"wp-block-image\">\n<figure class=\"alignleft size-full\"><img decoding=\"async\" width=\"220\" height=\"85\" src=\"https:\/\/blogs.deusto.es\/wp-content\/uploads\/sites\/78\/2024\/09\/Juan-Jose-Etxeberria.jpg\" alt=\"\" class=\"wp-image-6773\"\/><\/figure>\n<\/div>\n\n\n<p>Cuesta mucho decir adi\u00f3s a Josemari. Despedimos a una persona querida. Sesenta y tres a\u00f1os no es edad para marcharse. Arraigado en una honda y comprometida identidad jesuita, consagr\u00f3 su vida a Deusto con una mirada l\u00facida y prospectiva, una entrega incansable y una notable capacidad de escucha. Durante su etapa de rector (2013-2023), su constante af\u00e1n de superaci\u00f3n institucional le llev\u00f3 a impulsar, con firmeza y discernimiento, aquellas iniciativas que juzgaba beneficiosas para la Universidad. Su extraordinaria capacidad de trabajo le permiti\u00f3, asimismo, proseguir una fecunda labor intelectual.<\/p>\n\n\n\n<p>Si tuvi\u00e9ramos que resumir su vida en una palabra, ser\u00eda Pasi\u00f3n. Fue un hombre de pasiones hondas, de convicciones vividas, de b\u00fasquedas sinceras. Ante todo, tuvo una pasi\u00f3n por el Dios de Jesucristo. Tuvo pasi\u00f3n por la vocaci\u00f3n y por la misi\u00f3n de la Compa\u00f1\u00eda de Jes\u00fas. Pasi\u00f3n por el saber, por comprender, por ir m\u00e1s all\u00e1. Fue un buscador constante, un hombre con visi\u00f3n que no quer\u00eda quedarse en la superficie, sino discernir, explorar y abrir caminos. Y, por supuesto, tuvo pasi\u00f3n por su familia. Y junto a esas grandes pasiones, estaban tambi\u00e9n las peque\u00f1as, esas que hacen una vida reconocible y entra\u00f1able: su gusto por las matem\u00e1ticas y los n\u00fameros; su capacidad de jugar y de disfrutar, y tambi\u00e9n su fidelidad a la Real Sociedad, incluso despu\u00e9s de tantos a\u00f1os en Bilbao. Todo eso tambi\u00e9n era Josemari.<\/p>\n\n\n\n<p>Su lealtad inquebrantable, su mirada esperanzada hacia el futuro y su firme compromiso con la mejora continua constituyen un est\u00edmulo permanente en el desarrollo de nuestra misi\u00f3n, tan exigente como inspiradora.<\/p>\n\n\n\n<p>En las \u00faltimas semanas, nos dio una \u00faltima lecci\u00f3n: aceptar con humildad que, al final, lo m\u00e1s importante no es lo que uno hace o construye, sino el amor recibido y entregado. Solo eso permanece. Ha concluido su camino terreno, habi\u00e9ndolo dado todo. Y eso, ante Dios, basta.<\/p>\n","protected":false},"excerpt":{"rendered":"<p>Art\u00edculo publicado en el Correo (28\/04\/2026). Cuesta mucho decir adi\u00f3s a Josemari. Despedimos a una persona querida. Sesenta y tres a\u00f1os no es edad para marcharse. Arraigado en una honda y comprometida identidad jesuita, consagr\u00f3 su vida a Deusto con una mirada l\u00facida y prospectiva, una entrega incansable y una notable capacidad de escucha. Durante [&hellip;]<\/p>\n","protected":false},"author":515,"featured_media":10421,"comment_status":"open","ping_status":"open","sticky":false,"template":"","format":"standard","meta":{"_genesis_hide_title":false,"_genesis_hide_breadcrumbs":false,"_genesis_hide_singular_image":false,"_genesis_hide_footer_widgets":false,"_genesis_custom_body_class":"","_genesis_custom_post_class":"","_genesis_layout":"","footnotes":""},"categories":[37,78,11],"tags":[161,181],"class_list":{"0":"post-10420","1":"post","2":"type-post","3":"status-publish","4":"format-standard","5":"has-post-thumbnail","7":"category-opinion","8":"category-en-portada","9":"category-voces-expertas","10":"tag-jose-maria-guibert","11":"tag-juan-jose-etxeberria","12":"entry"},"_links":{"self":[{"href":"https:\/\/blogs.deusto.es\/viviendodeusto\/wp-json\/wp\/v2\/posts\/10420","targetHints":{"allow":["GET"]}}],"collection":[{"href":"https:\/\/blogs.deusto.es\/viviendodeusto\/wp-json\/wp\/v2\/posts"}],"about":[{"href":"https:\/\/blogs.deusto.es\/viviendodeusto\/wp-json\/wp\/v2\/types\/post"}],"author":[{"embeddable":true,"href":"https:\/\/blogs.deusto.es\/viviendodeusto\/wp-json\/wp\/v2\/users\/515"}],"replies":[{"embeddable":true,"href":"https:\/\/blogs.deusto.es\/viviendodeusto\/wp-json\/wp\/v2\/comments?post=10420"}],"version-history":[{"count":1,"href":"https:\/\/blogs.deusto.es\/viviendodeusto\/wp-json\/wp\/v2\/posts\/10420\/revisions"}],"predecessor-version":[{"id":10423,"href":"https:\/\/blogs.deusto.es\/viviendodeusto\/wp-json\/wp\/v2\/posts\/10420\/revisions\/10423"}],"wp:featuredmedia":[{"embeddable":true,"href":"https:\/\/blogs.deusto.es\/viviendodeusto\/wp-json\/wp\/v2\/media\/10421"}],"wp:attachment":[{"href":"https:\/\/blogs.deusto.es\/viviendodeusto\/wp-json\/wp\/v2\/media?parent=10420"}],"wp:term":[{"taxonomy":"category","embeddable":true,"href":"https:\/\/blogs.deusto.es\/viviendodeusto\/wp-json\/wp\/v2\/categories?post=10420"},{"taxonomy":"post_tag","embeddable":true,"href":"https:\/\/blogs.deusto.es\/viviendodeusto\/wp-json\/wp\/v2\/tags?post=10420"}],"curies":[{"name":"wp","href":"https:\/\/api.w.org\/{rel}","templated":true}]}}