{"id":2929,"date":"2023-05-02T13:14:07","date_gmt":"2023-05-02T13:14:07","guid":{"rendered":"https:\/\/preblogs.deusto.es\/viviendodeusto\/?p=2929"},"modified":"2024-09-02T07:54:14","modified_gmt":"2024-09-02T07:54:14","slug":"jesus-prieto-mendaza-un-santo-del-siglo-xxi","status":"publish","type":"post","link":"https:\/\/blogs.deusto.es\/viviendodeusto\/2023\/05\/02\/jesus-prieto-mendaza-un-santo-del-siglo-xxi\/","title":{"rendered":"Jes\u00fas Prieto Mendaza: \u00abUn santo del siglo XXI\u00bb"},"content":{"rendered":"\n<p><strong>Art\u00edculo publicado en El Correo (28\/04\/2023)<\/strong><\/p>\n\n\n<div class=\"wp-block-image\">\n<figure class=\"alignleft size-full\"><img decoding=\"async\" width=\"220\" height=\"85\" src=\"https:\/\/blogs.deusto.es\/alumni\/wp-content\/uploads\/sites\/78\/2023\/04\/Jesus-Prieto-Mendaza-2.jpg\" alt=\"\" class=\"wp-image-2778\"\/><figcaption>Antrop\u00f3logo<\/figcaption><\/figure>\n<\/div>\n\n\n<p>Me gusta la fiesta. En el caso de San Prudencio, desde ni\u00f1o he vivido su magia, esa que habitaba en el aroma de los perretxikos rotos antes de hacer el revuelto, en meter el dedo en la salsa de los caracoles, en la subida hasta las campas de Armentia, donde pase\u00e1bamos por los puestos del ferial, asist\u00edamos a la salida de autoridades de la misa de honor, compr\u00e1bamos las rosquillas de an\u00eds, admir\u00e1bamos la fuerza de los hermanos Acha levantando la piedra o hac\u00edamos un corro para merendar. Ese mismo corro que a\u00f1os m\u00e1s tarde reun\u00eda a la &#8216;cuadrilla&#8217; y nos emocionaba por la proximidad, felicidad adolescente, de aquella chica que nos gustaba.<\/p>\n\n\n\n<p>La vida propici\u00f3 que repiti\u00e9ramos los mismos rituales con nuestros hijos, y, a\u00f1os m\u00e1s tarde, que llev\u00e1ramos a nuestros padres empujando su silla de ruedas hasta aquel lugar inici\u00e1tico. He disfrutado escuchando los sones de la retreta, cenando con los\/as miembros de mi cuadrilla de blusas y tocando en la tamborrada hasta bien entrada la madrugada. Una noche de m\u00fasica y alegr\u00eda que ha propiciado momentos inolvidables. Aunque, durante a\u00f1os la imagen de San Prudencio se manifestaba a trav\u00e9s de un atributo por el que el santo de Armentia era conocido: como \u00e1ngel de la paz. A\u00f1os de violencia y dolor para tantos conciudadanos me llevaban a pensar en la paradoja que supon\u00eda que esa ausencia de paz ocurriera, precisamente, en la tierra de su advocaci\u00f3n.<\/p>\n\n\n\n<p>La festividad ha perdurado, reconfigurada, pero manteniendo muchos de los elementos tradicionales de la misma. As\u00ed el car\u00e1cter rural, de romer\u00eda y verbena con Joselu Anaiak. Pero tambi\u00e9n es cierto que se han introducido elementos novedosos, performativos, como en las actuaciones musicales y de danza en la plaza de la Provincia o en los v\u00eddeos, ahora en formato MP4, que se difunden por todo el territorio hist\u00f3rico con el conocido &#8216;\u2026suena el tun, tun y con el la trompeta\u2026&#8217; mezclado con ritmos de rock, jazz o merengue. No puedo obviar que en la actualidad el ocio tiene una importancia significativa en nuestras sociedades.<\/p>\n\n\n\n<p>Ello favorece que el &#8216;puente de San Prudencio&#8217; sea una incomparable ocasi\u00f3n para celebrar esta festividad realizando un viaje. As\u00ed, no es de extra\u00f1ar que el sonar de los tambores, el gorro de cocinero de papel y la conocida melod\u00eda &#8216;\u2026buenas tortillas de perretxikos, con huevos frescos y buen jam\u00f3n, que son los \u00fatiles m\u00e1s convenientes para este d\u00eda de animaci\u00f3n\u2026&#8217; formen parte del paisaje de localidades como Noja, Laredo, Salou o Benidorm. En definitiva, como dir\u00eda Ascensi\u00f3n Bara\u00f1ano, una nueva forma de reafirmaci\u00f3n de un &#8216;nosotros&#8217;, de una identidad, que yo percibo inclusiva y abierta, la alavesa. Los tiempos cambian, pero la estructura del ritual y su objetivo de reconstructor de las costuras sociales se mantiene. Hablamos de un San Prudencio del Siglo XXI.<\/p>\n","protected":false},"excerpt":{"rendered":"<p>Art\u00edculo publicado en El Correo (28\/04\/2023) Me gusta la fiesta. En el caso de San Prudencio, desde ni\u00f1o he vivido su magia, esa que habitaba en el aroma de los perretxikos rotos antes de hacer el revuelto, en meter el dedo en la salsa de los caracoles, en la subida hasta las campas de Armentia, [&hellip;]<\/p>\n","protected":false},"author":515,"featured_media":2781,"comment_status":"open","ping_status":"open","sticky":false,"template":"","format":"standard","meta":{"_genesis_hide_title":false,"_genesis_hide_breadcrumbs":false,"_genesis_hide_singular_image":false,"_genesis_hide_footer_widgets":false,"_genesis_custom_body_class":"","_genesis_custom_post_class":"","_genesis_layout":"","footnotes":""},"categories":[37,11],"tags":[141],"class_list":{"0":"post-2929","1":"post","2":"type-post","3":"status-publish","4":"format-standard","5":"has-post-thumbnail","7":"category-opinion","8":"category-voces-expertas","9":"tag-jesus-prieto-mendaza","10":"entry"},"_links":{"self":[{"href":"https:\/\/blogs.deusto.es\/viviendodeusto\/wp-json\/wp\/v2\/posts\/2929","targetHints":{"allow":["GET"]}}],"collection":[{"href":"https:\/\/blogs.deusto.es\/viviendodeusto\/wp-json\/wp\/v2\/posts"}],"about":[{"href":"https:\/\/blogs.deusto.es\/viviendodeusto\/wp-json\/wp\/v2\/types\/post"}],"author":[{"embeddable":true,"href":"https:\/\/blogs.deusto.es\/viviendodeusto\/wp-json\/wp\/v2\/users\/515"}],"replies":[{"embeddable":true,"href":"https:\/\/blogs.deusto.es\/viviendodeusto\/wp-json\/wp\/v2\/comments?post=2929"}],"version-history":[{"count":1,"href":"https:\/\/blogs.deusto.es\/viviendodeusto\/wp-json\/wp\/v2\/posts\/2929\/revisions"}],"predecessor-version":[{"id":2930,"href":"https:\/\/blogs.deusto.es\/viviendodeusto\/wp-json\/wp\/v2\/posts\/2929\/revisions\/2930"}],"wp:featuredmedia":[{"embeddable":true,"href":"https:\/\/blogs.deusto.es\/viviendodeusto\/wp-json\/wp\/v2\/media\/2781"}],"wp:attachment":[{"href":"https:\/\/blogs.deusto.es\/viviendodeusto\/wp-json\/wp\/v2\/media?parent=2929"}],"wp:term":[{"taxonomy":"category","embeddable":true,"href":"https:\/\/blogs.deusto.es\/viviendodeusto\/wp-json\/wp\/v2\/categories?post=2929"},{"taxonomy":"post_tag","embeddable":true,"href":"https:\/\/blogs.deusto.es\/viviendodeusto\/wp-json\/wp\/v2\/tags?post=2929"}],"curies":[{"name":"wp","href":"https:\/\/api.w.org\/{rel}","templated":true}]}}