{"id":3454,"date":"2023-07-17T12:16:33","date_gmt":"2023-07-17T12:16:33","guid":{"rendered":"https:\/\/preblogs.deusto.es\/viviendodeusto\/?p=3454"},"modified":"2024-08-30T06:23:33","modified_gmt":"2024-08-30T06:23:33","slug":"mikel-mancisidor-el-danino-debate","status":"publish","type":"post","link":"https:\/\/blogs.deusto.es\/viviendodeusto\/2023\/07\/17\/mikel-mancisidor-el-danino-debate\/","title":{"rendered":"Mikel Mancisidor: \u00abEl da\u00f1ino debate\u00bb"},"content":{"rendered":"\n<p><strong>Art\u00edculo publicado en Deia (16\/07\/2023)<\/strong><\/p>\n\n\n<div class=\"wp-block-image\">\n<figure class=\"alignleft size-full\"><img decoding=\"async\" width=\"220\" height=\"85\" src=\"https:\/\/blogs.deusto.es\/alumni\/wp-content\/uploads\/sites\/78\/2022\/09\/Mikel-Mancisidor-2.jpg\" alt=\"Mikel Mancisidor\" class=\"wp-image-279\"\/><figcaption>Profesor de Derecho\n<\/figcaption><\/figure>\n<\/div>\n\n\n<p>Los dos principales partidos en liza negociaron un \u00fanico cara a cara de formato un tanto extra\u00f1o. La agraciada fue una cadena privada. Supongo que as\u00ed el partido de la oposici\u00f3n pod\u00eda adelantarse un tanto al apuntalar la idea de que lo p\u00fablico juega a favor de parte y que los suyos, los que informan a su favor, s\u00ed son fiables. El partido en el Gobierno, confiado en que su candidato podr\u00eda merendarse a su rival cualquiera fuera el formato y sus reglas, acept\u00f3 como habr\u00eda aceptado celebrar el debate en el casino del pueblo de Feij\u00f3o y moderado por su primo.<\/p>\n\n\n\n<p>Mis hijos me han contagiado algo de su esp\u00edritu veraniego y no estoy siguiendo la campa\u00f1a. As\u00ed que me arm\u00e9 de responsabilidad c\u00edvica y les propuse seguir el debate para comentarlo y analizarlo, para ir aprendiendo juntos y madurando nuestra capacidad pol\u00edtica cr\u00edtica. Cenamos y nos sentamos con la actitud de quien se apresta a atender, a aprender, a analizar, al menos a escuchar. Vi saltar a dos gallitos de pelea.<\/p>\n\n\n\n<p>Pic\u00e1ndose, sin escucharse, sin construir un di\u00e1logo del que los dem\u00e1s pudi\u00e9ramos aprender algo distinto a jalear a uno, el de tu color, e insultar al otro. Muy pronto quiz\u00e1 no pasados los 3 o 4 minutos, estaban ya enfrascados en un pelea baja y sucia en que el objetivo era soltar medias verdades, datos descontextualizados y acusar al otro de mentiroso. Mis hijos, tan desconcertados como yo, me preguntaban: \u00bfaita, es verdad que eso es mentira? Pero antes de terminar la pregunta ya hab\u00eda otra acusaci\u00f3n de mentira sobre la mesa del debate. No sab\u00eda yo a cu\u00e1l contestar, si a una o a la otra, y para cuando pensaba qu\u00e9 decirles ya callaba mi propia voz para escuchar la siguiente acusaci\u00f3n de mentira. Mi labor de fact-checking amateur en casa fracas\u00f3 tanto o m\u00e1s que la de los silentes moderados.<\/p>\n\n\n\n<p>Los moderadores ni siquiera intentaron honrar el nombre que se les da. No les reprocho que no aclararan lo que era cierto o no. Les habr\u00eda resultado tan imposible como a m\u00ed. No se trata de una labor que pueda hacerse de modo neutral en tiempo real, simult\u00e1neamente al debate, puesto que no se trataba de identificar objetivamente lo que era o no mentira, sino del uso tramposo de insidias, maledicencias, falacias y datos manipulados que pod\u00edan terminar de pintar la realidad del color que previamente hemos decidido que tiene, independientemente de cu\u00e1l sea el tema, el dato o la realidad. Pero s\u00ed ech\u00e9 en falta que lo moderadores no trataran de reconducir el debate a algo m\u00ednimamente racional y constructivo. De los moderadores podr\u00edamos haber esperado cierto \u00e9xito en ordenar el tr\u00e1fico, evitar que los contendientes se interrumpieran y se quitaran la palabra. No los vi ni siquiera intentarlo.<\/p>\n\n\n\n<p>En la nueva pol\u00edtica esas formas funcionan y triunfan. El debate electoral entre dos estadistas reconvertido en la tertulia m\u00e1s tonta del programa m\u00e1s amarillista, de esas en que los contertulios se pisan, se quitan la palabra, se molestan con frasecitas como no te pongas nervioso que supuestamente son comodines ganadores a ojos de los necios. Yo quer\u00eda aprovechar el debate para comentar en casa sobre pol\u00edtica grande, sobre ideas, sobre las pol\u00edticas que van a construir Espa\u00f1a en los pr\u00f3ximos a\u00f1os y me top\u00e9 con una contienda de semifinal provincial de gallitos sobreexcitados. Jurar\u00eda que no llegu\u00e9 a los 10 minutos de debate cuando les propuse a mis hijos, agotado ya de no sacar nada en limpio de todo ese desagradable espect\u00e1culo, que cambiaran de canal y buscaran algo menos da\u00f1ino.<\/p>\n\n\n\n<p>En el momento en que la miserable maledicencia trumpista sobre los jefes de Correos no nos indigne, es que hemos tocado fondo. De ah\u00ed a la toma del Capitolio todo es cuesta abajo. No puedo criticar un debate que no vi. Solo hablo de un inicio cuyo tono y fondo responden a un momento de polarizaci\u00f3n pol\u00edtica en Espa\u00f1a que hace un da\u00f1o gigantesco a un pa\u00eds que no es tan malo como el juego pol\u00edtico aparenta creer y, posiblemente, como profec\u00eda autocumplida, conseguir\u00e1 que sea. <\/p>\n","protected":false},"excerpt":{"rendered":"<p>Art\u00edculo publicado en Deia (16\/07\/2023) Los dos principales partidos en liza negociaron un \u00fanico cara a cara de formato un tanto extra\u00f1o. La agraciada fue una cadena privada. Supongo que as\u00ed el partido de la oposici\u00f3n pod\u00eda adelantarse un tanto al apuntalar la idea de que lo p\u00fablico juega a favor de parte y que [&hellip;]<\/p>\n","protected":false},"author":515,"featured_media":281,"comment_status":"open","ping_status":"open","sticky":false,"template":"","format":"standard","meta":{"_genesis_hide_title":false,"_genesis_hide_breadcrumbs":false,"_genesis_hide_singular_image":false,"_genesis_hide_footer_widgets":false,"_genesis_custom_body_class":"","_genesis_custom_post_class":"","_genesis_layout":"","footnotes":""},"categories":[37,11],"tags":[90],"class_list":{"0":"post-3454","1":"post","2":"type-post","3":"status-publish","4":"format-standard","5":"has-post-thumbnail","7":"category-opinion","8":"category-voces-expertas","9":"tag-mikel-mancisidor","10":"entry"},"_links":{"self":[{"href":"https:\/\/blogs.deusto.es\/viviendodeusto\/wp-json\/wp\/v2\/posts\/3454","targetHints":{"allow":["GET"]}}],"collection":[{"href":"https:\/\/blogs.deusto.es\/viviendodeusto\/wp-json\/wp\/v2\/posts"}],"about":[{"href":"https:\/\/blogs.deusto.es\/viviendodeusto\/wp-json\/wp\/v2\/types\/post"}],"author":[{"embeddable":true,"href":"https:\/\/blogs.deusto.es\/viviendodeusto\/wp-json\/wp\/v2\/users\/515"}],"replies":[{"embeddable":true,"href":"https:\/\/blogs.deusto.es\/viviendodeusto\/wp-json\/wp\/v2\/comments?post=3454"}],"version-history":[{"count":1,"href":"https:\/\/blogs.deusto.es\/viviendodeusto\/wp-json\/wp\/v2\/posts\/3454\/revisions"}],"predecessor-version":[{"id":3455,"href":"https:\/\/blogs.deusto.es\/viviendodeusto\/wp-json\/wp\/v2\/posts\/3454\/revisions\/3455"}],"wp:featuredmedia":[{"embeddable":true,"href":"https:\/\/blogs.deusto.es\/viviendodeusto\/wp-json\/wp\/v2\/media\/281"}],"wp:attachment":[{"href":"https:\/\/blogs.deusto.es\/viviendodeusto\/wp-json\/wp\/v2\/media?parent=3454"}],"wp:term":[{"taxonomy":"category","embeddable":true,"href":"https:\/\/blogs.deusto.es\/viviendodeusto\/wp-json\/wp\/v2\/categories?post=3454"},{"taxonomy":"post_tag","embeddable":true,"href":"https:\/\/blogs.deusto.es\/viviendodeusto\/wp-json\/wp\/v2\/tags?post=3454"}],"curies":[{"name":"wp","href":"https:\/\/api.w.org\/{rel}","templated":true}]}}